{"id":770,"date":"2013-02-08T19:14:45","date_gmt":"2013-02-08T18:14:45","guid":{"rendered":"http:\/\/wordpress.localhost\/2013\/02\/08\/traversee-garde-cavale\/"},"modified":"2013-02-08T19:14:45","modified_gmt":"2013-02-08T18:14:45","slug":"traversee-garde-cavale","status":"publish","type":"post","link":"https:\/\/speleoclub-gap.fr\/?p=770","title":{"rendered":"Travers\u00e9e Garde Cavale"},"content":{"rendered":"<p class=\"post_excerpt\">travers\u00e9e Trou du garde \/Creux de la Cavale<br \/>\nmassif Revard Feclaz &#8211; Savoie<br \/>\nMarc, Fran\u00e7ois, Christophe<\/p>\n<p><!--more--><br \/>\nSuite \u00e0 une proposition de Jacques Morel du Chourum de Veynes, la travers\u00e9e Trou du Garde \/Creux de la Cavale est programm\u00e9e en hiver le 26 janvier 2013, en p\u00e9riode de basses eaux.<br \/>\nUn groupe important de 16 personnes est constitu\u00e9, tous motiv\u00e9s d&rsquo;en d\u00e9coudre avec cette travers\u00e9e mythique aux cot\u00e9s de Jac !<br \/>\nNous \u00e9tions trois du Sp\u00e9l\u00e9o Club Alpin de Gap, Fran\u00e7ois, Christophe et Marc, humble r\u00e9dacteur de cette note. Trois sp\u00e9l\u00e9o du club de Veynes \u00e9taient \u00e9galement de la f\u00eate, Jac et nos deux urgentistes de l&rsquo;h\u00f4pital, F\u00e9lix et Benjamin. Les autres volontaires venaient de Savoie,  des C\u00e9vennes, des Bouches du Rh\u00f4ne et de l&rsquo;H\u00e9rault.<br \/>\nCette joyeuse \u00e9quipe s&rsquo;est donc retrouv\u00e9e le vendredi soir au gite du Chatelard au c\u0153ur du massif des bauges en Savoie. \u00c7a caillait dehors et le plafond bas nous faisait presque regretter le soleil des Hautes Alpes mais ne soyons pas chauvins, il y avait un paquet de neige bien poudreuse (on ne peut pas tout avoir).<br \/>\nSamedi matin, pendant qu&rsquo;une petite \u00e9quipe partait en ski de fond vers le Creux de la Cavale pour \u00e9quiper de trou de sortie, le gros du groupe s&rsquo;est engag\u00e9 dans le Trou du Garde, non sans avoir brass\u00e9 quelques temps avant de trouver l&rsquo;entr\u00e9e perdue en for\u00eat sous plus d&rsquo;1,5 m de poudreuse. Premi\u00e8re corde \u00e0 installer puis nous trouvons rapidement les cordes en place \u00e0 demeure.<br \/>\n<figure id=\"attachment_766\" aria-describedby=\"caption-attachment-766\" style=\"width: 700px\" class=\"wp-caption aligncenter\"><img loading=\"lazy\" decoding=\"async\" class=\" aligncenter size-full wp-image-766\" src=\"http:\/\/wordpress.localhost\/wp-content\/uploads\/2013\/02\/jpg_IMG_1849.jpg\" alt=\"Ambiance hivernale\" title=\"Ambiance hivernale\" class=\"caption\" align=\"center\" width=\"700\" height=\"462\" \/><figcaption id=\"caption-attachment-766\" class=\"wp-caption-text\">Ambiance hivernale<\/figcaption><\/figure><br \/>\n<figure id=\"attachment_767\" aria-describedby=\"caption-attachment-767\" style=\"width: 700px\" class=\"wp-caption aligncenter\"><img loading=\"lazy\" decoding=\"async\" class=\" aligncenter size-full wp-image-767\" src=\"http:\/\/wordpress.localhost\/wp-content\/uploads\/2013\/02\/jpg_IMG_1852.jpg\" alt=\"Fran\u00e7ois a l'entr\u00e9 du trou du Garde\" title=\"Fran\u00e7ois a l'entr\u00e9 du trou du Garde\" class=\"caption\" align=\"center\" width=\"700\" height=\"525\" \/><figcaption id=\"caption-attachment-767\" class=\"wp-caption-text\">Fran\u00e7ois a l&rsquo;entr\u00e9 du trou du Garde<\/figcaption><\/figure><br \/>\nConduit par une \u00e9quipe de choc dans ce labyrinthe, la progression se d\u00e9roule raisonnablement bien malgr\u00e9 le nombre.<br \/>\nAu bout de deux heures, l&rsquo;\u00e9quipe partie \u00e9quiper la sortie nous rejoint. Difficile ensuite de d\u00e9crire la progression sur ce r\u00e9seau d\u00e9j\u00e0 tr\u00e8s long (4800 m sur un total du r\u00e9seau de  50 000 m) . Tout y est, des puits jamais tr\u00e8s hauts, quelques \u00e9troitures bouseuses, des jolies galeries, des tr\u00e8s belles portions en rivi\u00e8re et ce fameux bain turc qui finalement s&rsquo;est bien travers\u00e9 avec de l&rsquo;eau \u00e0 mi-cuisses.<br \/>\n<figure id=\"attachment_768\" aria-describedby=\"caption-attachment-768\" style=\"width: 700px\" class=\"wp-caption aligncenter\"><img loading=\"lazy\" decoding=\"async\" class=\" aligncenter size-full wp-image-768\" src=\"http:\/\/wordpress.localhost\/wp-content\/uploads\/2013\/02\/jpg_IMG_1853.jpg\" alt=\"Trou du Garde\" title=\"Trou du Garde\" class=\"caption\" align=\"center\" width=\"700\" height=\"525\" \/><figcaption id=\"caption-attachment-768\" class=\"wp-caption-text\">Trou du Garde<\/figcaption><\/figure><br \/>\n<figure id=\"attachment_769\" aria-describedby=\"caption-attachment-769\" style=\"width: 700px\" class=\"wp-caption aligncenter\"><img loading=\"lazy\" decoding=\"async\" class=\" aligncenter size-full wp-image-769\" src=\"http:\/\/wordpress.localhost\/wp-content\/uploads\/2013\/02\/jpg_IMG_1873.jpg\" alt=\"une des nombreuses rivi\u00e8res\" title=\"une des nombreuses rivi\u00e8res\" class=\"caption\" align=\"center\" width=\"700\" height=\"525\" \/><figcaption id=\"caption-attachment-769\" class=\"wp-caption-text\">une des nombreuses rivi\u00e8res<\/figcaption><\/figure><br \/>\nEt le clou de la journ\u00e9e, une sortie sur cordes gel\u00e9es, avec l&rsquo;ongl\u00e9e en prime et les mousquetons pris dans la glace qui ne s&rsquo;ouvraient plus, saloperie ! Mais avec un comit\u00e9 d&rsquo;accueil au top avec th\u00e9 chaud,avant un retour vers les voitures de nuit sous le clair de lune.<br \/>\nAu total 10 h30 pass\u00e9s sous terre pour la derni\u00e8re \u00e9quipe \u00e0 la r\u00e9cup\u00e9ration des derni\u00e8res cordes.<br \/>\nSuperbe sortie, physique \u00e0 souhait dans une ambiance du tonnerre. Un grand merci \u00e0 jacques et \u00e0 toute son \u00e9quipe de joyeux lurons. Finalement l&rsquo;appellation sortie Sp\u00e9leo Secours au Trou du garde \u00e9tait usurp\u00e9e !<br \/>\n<em>Marc<\/em><\/p>\n","protected":false},"excerpt":{"rendered":"<p>travers\u00e9e Trou du garde \/Creux de la Cavale massif Revard Feclaz &#8211; Savoie Marc, Fran\u00e7ois, Christophe<\/p>\n","protected":false},"author":2,"featured_media":766,"comment_status":"closed","ping_status":"open","sticky":false,"template":"","format":"standard","meta":{"footnotes":""},"categories":[3],"tags":[],"class_list":["post-770","post","type-post","status-publish","format-standard","has-post-thumbnail","hentry","category-sorties-realisees"],"_links":{"self":[{"href":"https:\/\/speleoclub-gap.fr\/index.php?rest_route=\/wp\/v2\/posts\/770","targetHints":{"allow":["GET"]}}],"collection":[{"href":"https:\/\/speleoclub-gap.fr\/index.php?rest_route=\/wp\/v2\/posts"}],"about":[{"href":"https:\/\/speleoclub-gap.fr\/index.php?rest_route=\/wp\/v2\/types\/post"}],"author":[{"embeddable":true,"href":"https:\/\/speleoclub-gap.fr\/index.php?rest_route=\/wp\/v2\/users\/2"}],"replies":[{"embeddable":true,"href":"https:\/\/speleoclub-gap.fr\/index.php?rest_route=%2Fwp%2Fv2%2Fcomments&post=770"}],"version-history":[{"count":0,"href":"https:\/\/speleoclub-gap.fr\/index.php?rest_route=\/wp\/v2\/posts\/770\/revisions"}],"wp:featuredmedia":[{"embeddable":true,"href":"https:\/\/speleoclub-gap.fr\/index.php?rest_route=\/"}],"wp:attachment":[{"href":"https:\/\/speleoclub-gap.fr\/index.php?rest_route=%2Fwp%2Fv2%2Fmedia&parent=770"}],"wp:term":[{"taxonomy":"category","embeddable":true,"href":"https:\/\/speleoclub-gap.fr\/index.php?rest_route=%2Fwp%2Fv2%2Fcategories&post=770"},{"taxonomy":"post_tag","embeddable":true,"href":"https:\/\/speleoclub-gap.fr\/index.php?rest_route=%2Fwp%2Fv2%2Ftags&post=770"}],"curies":[{"name":"wp","href":"https:\/\/api.w.org\/{rel}","templated":true}]}}