{"id":64,"date":"2009-11-11T22:48:10","date_gmt":"2009-11-11T21:48:10","guid":{"rendered":"http:\/\/wordpress.localhost\/2009\/11\/11\/sortie-jeunes-dans-le-devoluy-le-8-11-2009\/"},"modified":"2022-03-31T08:40:13","modified_gmt":"2022-03-31T06:40:13","slug":"sortie-jeunes-dans-le-devoluy-le-8-11-2009","status":"publish","type":"post","link":"https:\/\/speleoclub-gap.fr\/?p=64","title":{"rendered":"Sortie \u00ab\u00a0jeunes\u00a0\u00bb dans le D\u00e9voluy le 8\/11\/2009"},"content":{"rendered":"\n<p>Une belle journ\u00e9e de sp\u00e9l\u00e9o dans un D\u00e9voluy enneig\u00e9 pour une \u00e9quipe de jeunes motiv\u00e9s ! Les parents et accompagnateurs se sont aussi r\u00e9gal\u00e9s&#8230;<\/p>\n\n\n\n<p><br><strong>Un dimanche froid et un D\u00e9voluy enneig\u00e9 !<\/strong><\/p>\n\n\n\n<!--more-->\n\n\n\n<p>Mais les deux \u00e9quipes de sp\u00e9l\u00e9o, arm\u00e9s de courage et de volont\u00e9, ont affront\u00e9 leur premi\u00e8re sortie hivernale avec succ\u00e8s. Emmen\u00e9s par Georges, les d\u00e9butants ont visit\u00e9 la partie horizontale de la <strong>Baume des Forcen\u00e9s<\/strong> ; tandis que Fran\u00e7ois et Philippe ont guid\u00e9 les plus exp\u00e9riment\u00e9s dans la <strong>Baume de France.<\/strong> Ils avaient \u00e0 franchir une main courante, descendre deux petits puits et un ressaut. De nombreux opilions \u00e9taient visibles sur les parois de la cavit\u00e9.<\/p>\n\n\n\n<p>L&rsquo;\u00e9quipe des d\u00e9butants comprenaient 7 jeunes et 2 parents. Une \u00e9quipe de choc pour r\u00e9aliser une belle bataille de boules de neige \u00e0 la sortie de la grotte !<\/p>\n\n\n\n<p>L&rsquo;\u00e9quipe des \u00ab\u00a0exp\u00e9riment\u00e9s\u00a0\u00bb \u00e9tait compos\u00e9e de Dorian, Pierre, plus Marc, Eric, Pascal pour les adultes.<\/p>\n\n\n\n<p>Prochaine sortie \u00ab\u00a0jeunes\u00a0\u00bb programm\u00e9e pour le 13 d\u00e9cembre !<\/p>\n\n\n\n<div class=\"wp-block-image aligncenter size-full wp-image-63\"><figure class=\"aligncenter\"><img decoding=\"async\" src=\"http:\/\/wordpress.localhost\/wp-content\/uploads\/2009\/11\/jpg_img_1852a.jpg\" alt=\"Pique-nique devant l'entr\u00e9e\" class=\"wp-image-63\"\/><figcaption>Pique-nique devant l&rsquo;entr\u00e9e<\/figcaption><\/figure><\/div>\n","protected":false},"excerpt":{"rendered":"<p>Une belle journ\u00e9e de sp\u00e9l\u00e9o dans un D\u00e9voluy enneig\u00e9 pour une \u00e9quipe de jeunes motiv\u00e9s ! Les parents et accompagnateurs se sont aussi r\u00e9gal\u00e9s&#8230; Un dimanche froid et un D\u00e9voluy [&hellip;]<\/p>\n","protected":false},"author":2,"featured_media":0,"comment_status":"closed","ping_status":"open","sticky":false,"template":"","format":"standard","meta":{"footnotes":""},"categories":[3],"tags":[],"class_list":["post-64","post","type-post","status-publish","format-standard","hentry","category-sorties-realisees"],"_links":{"self":[{"href":"https:\/\/speleoclub-gap.fr\/index.php?rest_route=\/wp\/v2\/posts\/64","targetHints":{"allow":["GET"]}}],"collection":[{"href":"https:\/\/speleoclub-gap.fr\/index.php?rest_route=\/wp\/v2\/posts"}],"about":[{"href":"https:\/\/speleoclub-gap.fr\/index.php?rest_route=\/wp\/v2\/types\/post"}],"author":[{"embeddable":true,"href":"https:\/\/speleoclub-gap.fr\/index.php?rest_route=\/wp\/v2\/users\/2"}],"replies":[{"embeddable":true,"href":"https:\/\/speleoclub-gap.fr\/index.php?rest_route=%2Fwp%2Fv2%2Fcomments&post=64"}],"version-history":[{"count":2,"href":"https:\/\/speleoclub-gap.fr\/index.php?rest_route=\/wp\/v2\/posts\/64\/revisions"}],"predecessor-version":[{"id":9912,"href":"https:\/\/speleoclub-gap.fr\/index.php?rest_route=\/wp\/v2\/posts\/64\/revisions\/9912"}],"wp:attachment":[{"href":"https:\/\/speleoclub-gap.fr\/index.php?rest_route=%2Fwp%2Fv2%2Fmedia&parent=64"}],"wp:term":[{"taxonomy":"category","embeddable":true,"href":"https:\/\/speleoclub-gap.fr\/index.php?rest_route=%2Fwp%2Fv2%2Fcategories&post=64"},{"taxonomy":"post_tag","embeddable":true,"href":"https:\/\/speleoclub-gap.fr\/index.php?rest_route=%2Fwp%2Fv2%2Ftags&post=64"}],"curies":[{"name":"wp","href":"https:\/\/api.w.org\/{rel}","templated":true}]}}