{"id":59,"date":"2009-11-02T21:38:35","date_gmt":"2009-11-02T20:38:35","guid":{"rendered":"http:\/\/wordpress.localhost\/2009\/11\/02\/initiation-au-puits-des-bans\/"},"modified":"2022-02-23T20:57:38","modified_gmt":"2022-02-23T19:57:38","slug":"initiation-au-puits-des-bans","status":"publish","type":"post","link":"https:\/\/speleoclub-gap.fr\/?p=59","title":{"rendered":"Initiation au puits des Bans"},"content":{"rendered":"\n<p>Dans le cadre des journ\u00e9es nationales de la sp\u00e9l\u00e9ologie (JNS 2009), le club organisait une journ\u00e9e initiation ce dimanche 18 octobre 2009. Le succ\u00e8s fut au rendez-vous puisque nous avons d\u00fb organiser deux groupes de douze personnes. Un troisi\u00e8me groupe \u00e9tait form\u00e9 par la section jeune qui est all\u00e9e beaucoup plus profond, \u00e0 &#8211; 110 m\u00e8tres dans le Puits des Bans.<\/p>\n\n\n\n<div class=\"wp-block-image\"><figure class=\"aligncenter\"><img decoding=\"async\" src=\"http:\/\/wordpress.localhost\/wp-content\/uploads\/2009\/11\/jpg_DSC01639.jpg\" alt=\"DSC01639.jpg\" class=\"wp-image-46\"\/><\/figure><\/div>\n\n\n\n<!--more-->\n\n\n\n<p>-Voil\u00e0 le premier groupe form\u00e9&#8230;<br>Alors ! Pr\u00eat pour le grand saut dans le monde souterrain ?<\/p>\n\n\n\n<p>-Mais oui, vous allez voir ! Tout va bien se passer&#8230;<\/p>\n\n\n\n<hr class=\"wp-block-separator\"\/>\n\n\n\n<div class=\"wp-block-image\"><figure class=\"aligncenter\"><img decoding=\"async\" src=\"http:\/\/wordpress.localhost\/wp-content\/uploads\/2009\/11\/jpg_IMGP1382.jpg\" alt=\"IMGP1382.jpg\" class=\"wp-image-47\"\/><\/figure><\/div>\n\n\n\n<p>-Ah ! Vous voyez, \u00e7a devient int\u00e9ressant \ud83d\ude09<br>-La concr\u00e9tion est l\u00e0. Mais, Georges, pourquoi \u00e9blouis-tu cette sp\u00e9l\u00e9ologue \ud83d\ude42<\/p>\n\n\n\n<hr class=\"wp-block-separator\"\/>\n\n\n\n<div class=\"wp-block-image\"><figure class=\"aligncenter\"><img decoding=\"async\" src=\"http:\/\/wordpress.localhost\/wp-content\/uploads\/2009\/11\/jpg_DSC01650-2.jpg\" alt=\"DSC01650-2.jpg\" class=\"wp-image-48\"\/><\/figure><\/div>\n\n\n\n<p>C&rsquo;est pas beau \u00e7a ?<br>&#8211; on vient d\u00e9couvrir le monde souterrain et on go\u00fbte aux joies de la navigation&#8230;<br>&#8211; Le plafond est tr\u00e8s pr\u00e8s, mais m\u00eame pas peur !!!<\/p>\n\n\n\n<hr class=\"wp-block-separator\"\/>\n\n\n\n<div class=\"wp-block-image\"><figure class=\"aligncenter\"><img decoding=\"async\" src=\"http:\/\/wordpress.localhost\/wp-content\/uploads\/2009\/11\/jpg_DSC01651-2.jpg\" alt=\"DSC01651-2.jpg\" class=\"wp-image-49\"\/><\/figure><\/div>\n\n\n\n<p>&#8211; A la sortie du siphon, une draperie. Imaginez la quantit\u00e9 d&rsquo;eau qui a d\u00fb suinter pour former cette beaut\u00e9&#8230;<\/p>\n\n\n\n<hr class=\"wp-block-separator\"\/>\n\n\n\n<div class=\"wp-block-image\"><figure class=\"aligncenter\"><img decoding=\"async\" src=\"http:\/\/wordpress.localhost\/wp-content\/uploads\/2009\/11\/jpg_DSC01655-2.jpg\" alt=\"DSC01655-2.jpg\" class=\"wp-image-50\"\/><\/figure><\/div>\n\n\n\n<p>&#8211; Au d\u00e9tour du parcours, un indig\u00e8ne se demande quel est cet attroupement avec autant de lumi\u00e8re !! Attention, il ne faut pas la d\u00e9ranger car un r\u00e9veil en cette saison peut lui faire perdre beaucoup de ses r\u00e9serves, indispensables, pour passer l&rsquo;hiver.<\/p>\n\n\n\n<hr class=\"wp-block-separator\"\/>\n\n\n\n<p>Et voil\u00e0 la visite termin\u00e9e pour le premier groupe, les impressions sont diff\u00e9rentes selon les participants. Mais malgr\u00e9 la fatigue et les v\u00eatements \u00ab\u00a0humides\u00a0\u00bb pour certains, la journ\u00e9e est une r\u00e9ussite&#8230;<\/p>\n\n\n\n<hr class=\"wp-block-separator\"\/>\n\n\n\n<div class=\"wp-block-image\"><figure class=\"aligncenter\"><img decoding=\"async\" src=\"http:\/\/wordpress.localhost\/wp-content\/uploads\/2009\/11\/jpg_SL372568-2.jpg\" alt=\"SL372568-2.jpg\" class=\"wp-image-51\"\/><\/figure><\/div>\n\n\n\n<p>&#8211; Arriv\u00e9s au parking, juste le temps de manger un petit casse-cro\u00fbte et d\u00e9j\u00e0 le deuxi\u00e8me groupe prend la direction du Puits des Bans.<\/p>\n\n\n\n<hr class=\"wp-block-separator\"\/>\n\n\n\n<div class=\"wp-block-image\"><figure class=\"aligncenter\"><img decoding=\"async\" src=\"http:\/\/wordpress.localhost\/wp-content\/uploads\/2009\/11\/jpg_SL372572-2.jpg\" alt=\"SL372572-2.jpg\" class=\"wp-image-52\"\/><\/figure><\/div>\n\n\n\n<p>&#8211; La classique photo de groupe avant l&rsquo;\u00e9preuve et c&rsquo;est parti !!!<\/p>\n\n\n\n<hr class=\"wp-block-separator\"\/>\n\n\n\n<div class=\"wp-block-image\"><figure class=\"aligncenter\"><img decoding=\"async\" src=\"http:\/\/wordpress.localhost\/wp-content\/uploads\/2009\/11\/jpg_SL372581-2.jpg\" alt=\"SL372581-2.jpg\" class=\"wp-image-53\"\/><\/figure><\/div>\n\n\n\n<p>&#8211; Oui oui , l&rsquo;entr\u00e9e est bien par l\u00e0&#8230;<\/p>\n\n\n\n<hr class=\"wp-block-separator\"\/>\n\n\n\n<div class=\"wp-block-image\"><figure class=\"aligncenter\"><img decoding=\"async\" src=\"http:\/\/wordpress.localhost\/wp-content\/uploads\/2009\/11\/jpg_SL372600-2.jpg\" alt=\"SL372600-2.jpg\" class=\"wp-image-54\"\/><\/figure><\/div>\n\n\n\n<p>&#8211; Fran\u00e7ois montre le premier puits, \u00e0 partir de l\u00e0, il faut conna\u00eetre la technique de progression sur corde. C&rsquo;est une autre paire de manches, \u00e7a sera pour une autre sortie.<\/p>\n\n\n\n<hr class=\"wp-block-separator\"\/>\n\n\n\n<div class=\"wp-block-image\"><figure class=\"aligncenter\"><img decoding=\"async\" src=\"http:\/\/wordpress.localhost\/wp-content\/uploads\/2009\/11\/jpg_SL372613-2.jpg\" alt=\"SL372613-2.jpg\" class=\"wp-image-55\"\/><\/figure><\/div>\n\n\n\n<p>-Une belle stalagmite, qui comme son nom l&rsquo;indique&#8230; monte !<\/p>\n\n\n\n<hr class=\"wp-block-separator\"\/>\n\n\n\n<div class=\"wp-block-image\"><figure class=\"aligncenter\"><img decoding=\"async\" src=\"http:\/\/wordpress.localhost\/wp-content\/uploads\/2009\/11\/jpg_SL372617-2.jpg\" alt=\"SL372617-2.jpg\" class=\"wp-image-56\"\/><\/figure><\/div>\n\n\n\n<p>&#8211; Allez on force un peu et \u00e7\u00e0 passe.<\/p>\n\n\n\n<hr class=\"wp-block-separator\"\/>\n\n\n\n<div class=\"wp-block-image\"><figure class=\"aligncenter\"><img decoding=\"async\" src=\"http:\/\/wordpress.localhost\/wp-content\/uploads\/2009\/11\/jpg_SL372645-2.jpg\" alt=\"SL372645-2.jpg\" class=\"wp-image-57\"\/><\/figure><\/div>\n\n\n\n<p>-Forc\u00e9ment, on est un peu plus fatigu\u00e9 qu&rsquo;au d\u00e9part&#8230;<\/p>\n\n\n\n<hr class=\"wp-block-separator\"\/>\n\n\n\n<div class=\"wp-block-image\"><figure class=\"aligncenter\"><img decoding=\"async\" src=\"http:\/\/wordpress.localhost\/wp-content\/uploads\/2009\/11\/jpg_SL372650-2.jpg\" alt=\"SL372650-2.jpg\" class=\"wp-image-58\"\/><\/figure><\/div>\n\n\n\n<p>&#8211; Un dernier coup d&rsquo;oeil vers la cavit\u00e9, et c&rsquo;est avec plein de bons souvenirs en t\u00eate que le deuxi\u00e8me groupe termine sa sortie d\u00e9couverte.<\/p>\n\n\n\n<hr class=\"wp-block-separator\"\/>\n\n\n\n<p>Pour les accompagnateurs, cette journ\u00e9e fut une r\u00e9ussite en tous points. En effet, deux groupes tr\u00e8s sympathiques ont pu d\u00e9couvrir cette activit\u00e9.<\/p>\n\n\n\n<p>Je m&rsquo;excuse aupr\u00e8s des \u00ab\u00a0jeunes\u00a0\u00bb du club car je n&rsquo;avais aucune photo de leur sortie jusqu&rsquo;\u00e0 la \u00ab\u00a0salle \u00e0 manger\u00a0\u00bb mais je suis certain que les bons gestes sont revenus d&rsquo;eux-m\u00eames et que la bonne humeur \u00e9tait l\u00e0.<\/p>\n\n\n\n<p>A bient\u00f4t pour une autre sortie&#8230;.<\/p>\n","protected":false},"excerpt":{"rendered":"<p>Dans le cadre des journ\u00e9es nationales de la sp\u00e9l\u00e9ologie (JNS 2009), le club organisait une journ\u00e9e initiation ce dimanche 18 octobre 2009. Le succ\u00e8s fut au rendez-vous puisque nous avons [&hellip;]<\/p>\n","protected":false},"author":2,"featured_media":0,"comment_status":"closed","ping_status":"open","sticky":false,"template":"","format":"standard","meta":{"footnotes":""},"categories":[3],"tags":[],"class_list":["post-59","post","type-post","status-publish","format-standard","hentry","category-sorties-realisees"],"_links":{"self":[{"href":"https:\/\/speleoclub-gap.fr\/index.php?rest_route=\/wp\/v2\/posts\/59","targetHints":{"allow":["GET"]}}],"collection":[{"href":"https:\/\/speleoclub-gap.fr\/index.php?rest_route=\/wp\/v2\/posts"}],"about":[{"href":"https:\/\/speleoclub-gap.fr\/index.php?rest_route=\/wp\/v2\/types\/post"}],"author":[{"embeddable":true,"href":"https:\/\/speleoclub-gap.fr\/index.php?rest_route=\/wp\/v2\/users\/2"}],"replies":[{"embeddable":true,"href":"https:\/\/speleoclub-gap.fr\/index.php?rest_route=%2Fwp%2Fv2%2Fcomments&post=59"}],"version-history":[{"count":1,"href":"https:\/\/speleoclub-gap.fr\/index.php?rest_route=\/wp\/v2\/posts\/59\/revisions"}],"predecessor-version":[{"id":9902,"href":"https:\/\/speleoclub-gap.fr\/index.php?rest_route=\/wp\/v2\/posts\/59\/revisions\/9902"}],"wp:attachment":[{"href":"https:\/\/speleoclub-gap.fr\/index.php?rest_route=%2Fwp%2Fv2%2Fmedia&parent=59"}],"wp:term":[{"taxonomy":"category","embeddable":true,"href":"https:\/\/speleoclub-gap.fr\/index.php?rest_route=%2Fwp%2Fv2%2Fcategories&post=59"},{"taxonomy":"post_tag","embeddable":true,"href":"https:\/\/speleoclub-gap.fr\/index.php?rest_route=%2Fwp%2Fv2%2Ftags&post=59"}],"curies":[{"name":"wp","href":"https:\/\/api.w.org\/{rel}","templated":true}]}}