{"id":544,"date":"2012-07-17T23:21:41","date_gmt":"2012-07-17T21:21:41","guid":{"rendered":"http:\/\/wordpress.localhost\/2012\/07\/17\/camp-au-vallon-dane\/"},"modified":"2012-07-17T23:21:41","modified_gmt":"2012-07-17T21:21:41","slug":"camp-au-vallon-dane","status":"publish","type":"post","link":"https:\/\/speleoclub-gap.fr\/?p=544","title":{"rendered":"Camp au vallon d&rsquo;\u00c2ne"},"content":{"rendered":"<p class=\"post_excerpt\">Avec Johana, C\u00e9line, Lucie, Titouan, Marc, Eric, Fran\u00e7ois et la pr\u00e9sence dimanche de Jean-Louis et L\u00e9o Flandin des Voconces de Brian\u00e7on.<\/p>\n<p><!--more--><br \/>\nSamedi, d\u00e9part de Gap en fin de matin\u00e9e pour nous retrouver au refuge vers midi. Nous faisons une navette voiture pour poser le mat\u00e9riel et ramener ensuite les voitures au parking de bois rond. Marc, Christophe et moi partons pour la combe Ratin alors que Johana, Eric et Fran\u00e7ois arrivent juste.<br \/>\nNous ouvrons la voie. Depuis le refuge, la combe est plus vite atteinte. Nous \u00e9vitons deux cents m\u00e8tres de d\u00e9nivel\u00e9 et la longue combe de Corne.<br \/>\nUne fois les marches de la combe Ratin pass\u00e9es, nous nous dirigeons vers les premiers porches. L&rsquo;acc\u00e8s est \u00e9vident. Nous ne comprenons pas comment ces cavit\u00e9s ne sont pas encore topographi\u00e9es. Sur place, nous nous \u00e9quipons afin de pouvoir faire autre chose qu&rsquo;une simple visite. <\/p>\n<figure id=\"attachment_538\" aria-describedby=\"caption-attachment-538\" style=\"width: 750px\" class=\"wp-caption aligncenter\"><img loading=\"lazy\" decoding=\"async\" class=\" aligncenter size-full wp-image-538\" src=\"http:\/\/wordpress.localhost\/wp-content\/uploads\/2012\/07\/jpg_IMG_3109m.jpg\" alt=\"L'entr\u00e9e de la baume de la t\u00eate de Chau 1 (photo : F. Parrini)\" title=\"L'entr\u00e9e de la baume de la t\u00eate de Chau 1 (photo : F. Parrini)\" class=\"caption\" align=\"center\" width=\"750\" height=\"563\" \/><figcaption id=\"caption-attachment-538\" class=\"wp-caption-text\">L&rsquo;entr\u00e9e de la baume de la t\u00eate de Chau 1 (photo : F. Parrini)<\/figcaption><\/figure>\n<p>Christophe s&rsquo;engage le premier. Il nous signale un d\u00e9part de chaque c\u00f4t\u00e9. Celui de droite est bas mais plus large. Je m&rsquo;y engage. Des dalles tomb\u00e9es du plafond bloquent le passage. Du bout du bras, je fais basculer les blocs les moins gros et force le passage. Pas de doute, c&rsquo;est d\u00e9j\u00e0 de la premi\u00e8re. Dix m\u00e8tres plus loin, nous tenons debout : une tr\u00e9mie devant et une galerie descendante \u00e0 gauche. Nous descendons et trouvons un rai de lumi\u00e8re au d\u00e9part d&rsquo;une vaste galerie. Il s&rsquo;agit d&rsquo;une sortie \u00e9troite et \u00e9bouleuse qui donne dans le porche situ\u00e9 \u00e0 30 m\u00e8tres plus au nord que la premi\u00e8re entr\u00e9e. La grosse galerie donne sur un aval pentu qui se termine par un \u00e9boulis qui doit correspondre \u00e0 l&rsquo;\u00e9boulis de surface.<\/p>\n<figure id=\"attachment_539\" aria-describedby=\"caption-attachment-539\" style=\"width: 750px\" class=\"wp-caption aligncenter\"><img loading=\"lazy\" decoding=\"async\" class=\" aligncenter size-full wp-image-539\" src=\"http:\/\/wordpress.localhost\/wp-content\/uploads\/2012\/07\/jpg_IMG_1394m.jpg\" alt=\"L'aval (photo : C. Boulangeat)\" title=\"L'aval (photo : C. Boulangeat)\" class=\"caption\" align=\"center\" width=\"750\" height=\"750\" \/><figcaption id=\"caption-attachment-539\" class=\"wp-caption-text\">L&rsquo;aval (photo : C. Boulangeat)<\/figcaption><\/figure>\n<p> Nous nous dirigeons ensuite sur les amonts. La progression se fait de grandes salles d&rsquo;effondrement en passage \u00e9troit. Seul d\u00e9note dans ce fatras de bloc un m\u00e9andre qui prend la forme d&rsquo;un canyon. Mais un premier os se pr\u00e9sente. Une tr\u00e9mie haute nous bloque la suite. Il n&rsquo;y a pas de suite \u00e9vidente. J&rsquo;escalade au sommet de cet amoncellement de blocs coinc\u00e9s dans l&rsquo;\u00e9troite diaclase pour d\u00e9couvrir un petit espace entre deux grosses dalles. Je d\u00e9gage les cailloux qui encombrent l&rsquo;\u00e9troiture et me glisse. La suite est bien l\u00e0. Encore une succession de gros volumes d&rsquo;effondrement. Pourtant, la fin est bient\u00f4t l\u00e0. Une chemin\u00e9e trop haute pour l&rsquo;escalader en libre et dont la sortie ne semble pas bien large. En ressortant, Marc et Christophe s&rsquo;engagent dans la galerie laiss\u00e9e \u00e0 droite. Elle les am\u00e8ne cinquante m\u00e8tres plus loin au pied de la tr\u00e9mie. La boucle est boucl\u00e9e&#8230;<br \/>\nNous redescendrons alors que Fran\u00e7ois, Johana et Eric nous auront rejoint \u00e0 l&rsquo;entr\u00e9e en balade. Malgr\u00e9 le vent et la temp\u00e9rature basse pour la saison, nous d\u00eenerons tous devant le refuge.<\/p>\n<figure id=\"attachment_540\" aria-describedby=\"caption-attachment-540\" style=\"width: 750px\" class=\"wp-caption aligncenter\"><img loading=\"lazy\" decoding=\"async\" class=\" aligncenter size-full wp-image-540\" src=\"http:\/\/wordpress.localhost\/wp-content\/uploads\/2012\/07\/jpg_IMG_0882m.jpg\" alt=\"Repas au refuge (photo : F. Parrini)\" title=\"Repas au refuge (photo : F. Parrini)\" class=\"caption\" align=\"center\" width=\"750\" height=\"563\" \/><figcaption id=\"caption-attachment-540\" class=\"wp-caption-text\">Repas au refuge (photo : F. Parrini)<\/figcaption><\/figure>\n<p>Dimanche : ce matin L\u00e9o et Jean-Louis Flandin du CAF Brian\u00e7on nous rejoignent. L&rsquo;objectif essentiel pour tout le monde aujourd&rsquo;hui, topographie, photographie et poursuite de l&rsquo;exploration des baumes de Chau 1 et 2. La mont\u00e9e depuis le refuge devient une balade. Seul le franchissement de l&rsquo;\u00e9boulis terminal n&rsquo;est pas une partie de plaisir. Une fois arriv\u00e9s sous le porche, nous sommes fra\u00eechement accueillis par le courant d&rsquo;air. Aussi, nous ne tra\u00eenons pas pour nous changer.<br \/>\nJean-Louis et L\u00e9o fur\u00e8tent \u00e0 gauche et \u00e0 droite, Christophe et Fran\u00e7ois font des clich\u00e9s assist\u00e9s de Johana et Eric. Avec Marc, je fais le relev\u00e9 topographique. Les mesures vont bon train mais nous occupent toute la journ\u00e9e.<\/p>\n<figure id=\"attachment_541\" aria-describedby=\"caption-attachment-541\" style=\"width: 563px\" class=\"wp-caption aligncenter\"><img loading=\"lazy\" decoding=\"async\" class=\" aligncenter size-full wp-image-541\" src=\"http:\/\/wordpress.localhost\/wp-content\/uploads\/2012\/07\/jpg_IMG_0943m.jpg\" alt=\"Le canyon (photo : F. Parrini)\" title=\"Le canyon (photo : F. Parrini)\" class=\"caption\" align=\"center\" width=\"563\" height=\"750\" \/><figcaption id=\"caption-attachment-541\" class=\"wp-caption-text\">Le canyon (photo : F. Parrini)<\/figcaption><\/figure>\n<p>En redescendant, Fran\u00e7ois, L\u00e9o et Jean-Louis vont jeter un coup d\u2019\u0153il dans un des porches les plus proches du verrou aval de la combe Ratin. L\u00e0 encore, un gros courant d&rsquo;air tr\u00e8s froid les surprend. Ils progresseront facilement dans une vaste galerie \u00e9bouleuse o\u00f9 une rivi\u00e8re de glace occupe le fond sur une cinquantaine de m\u00e8tres. Il faudra revenir pour finir l&rsquo;exploration et la topographie. Rendez-vous est pris pour le samedi suivant puisque ce soir, presque tout le monde retourne dans la civilisation. <\/p>\n<figure id=\"attachment_542\" aria-describedby=\"caption-attachment-542\" style=\"width: 750px\" class=\"wp-caption aligncenter\"><img loading=\"lazy\" decoding=\"async\" class=\" aligncenter size-full wp-image-542\" src=\"http:\/\/wordpress.localhost\/wp-content\/uploads\/2012\/07\/jpg_IMG_0962m.jpg\" alt=\"Entr\u00e9e de la baume de la T\u00eate de Chau 2 (photo : F. Parrini)\" title=\"Entr\u00e9e de la baume de la T\u00eate de Chau 2 (photo : F. Parrini)\" class=\"caption\" align=\"center\" width=\"750\" height=\"563\" \/><figcaption id=\"caption-attachment-542\" class=\"wp-caption-text\">Entr\u00e9e de la baume de la T\u00eate de Chau 2 (photo : F. Parrini)<\/figcaption><\/figure>\n<p>Lundi\u00a0: Il ne reste plus que Marc et moi de disponible. Nous d\u00e9cidons de changer de secteur car les objectifs de la combe Ratin n\u00e9cessitent d&rsquo;\u00eatre plus nombreux. Nous souhaitons aussi attendre que Fran\u00e7ois, L\u00e9o et Jean-Louis soient disponibles pour retourner \u00e0 la baume de la combe de Ratin, entrevue la veille. Aussi, nous optons pour une balade prospective dans la d\u00e9pression glaci\u00e8re entre la face nord du pic de Bure et la face est de Coste-Belle. Le secteur a \u00e9t\u00e9 bien fouill\u00e9 par les anciens. Le moindre trou est d\u00e9j\u00e0 marqu\u00e9. La d\u00e9pression, elle-m\u00eame, est d\u00e9cevante. Les \u00e9boulis sont tels que des perspectives de trouver une cavit\u00e9 l\u00e0 dedans sont limit\u00e9s. En remontant sur Coste-Belle, Marc d\u00e9couvre une petite entr\u00e9e qui donne imm\u00e9diatement dans une vaste galerie. Il vient de red\u00e9couvrir la baume de Coste-Belle 1. Je d\u00e9couvre aussi cette cavit\u00e9 connue uniquement par sa topographie. En parcourant cette magnifique baume, je constate que les topographies d&rsquo;exploration m\u00e9riteraient d&rsquo;\u00eatre reprises tant elles sont peu repr\u00e9sentatives. Les dimensions sont surprenantes pour une cavit\u00e9 superficielle. Mais ce qui \u00e9tonne le plus est le dimensionnement du concr\u00e9tionnement. Bien que l&rsquo;\u00e9rosion et la tectonique aient d\u00e9j\u00e0 largement contribu\u00e9 \u00e0 la destruction  des massifs stalagmitiques, les t\u00e9moins restent tr\u00e8s parlant. Une superbe stalagmite inclin\u00e9e et intacte doit mesurer deux m\u00e8tres de diam\u00e8tre et six de haut. Nous en profitons pour faire une s\u00e9ance photo. Lors de la descente, malgr\u00e9 nos investigations, rien d&rsquo;int\u00e9ressant ne sera d\u00e9couvert. Marc souhaitant \u00eatre de retour sur Gap rapidement, nous rejoignons le refuge pour ranger et redescendre \u00e0 la voiture.<\/p>\n<figure id=\"attachment_543\" aria-describedby=\"caption-attachment-543\" style=\"width: 750px\" class=\"wp-caption aligncenter\"><img loading=\"lazy\" decoding=\"async\" class=\" aligncenter size-full wp-image-543\" src=\"http:\/\/wordpress.localhost\/wp-content\/uploads\/2012\/07\/jpg_IMG_3142m.jpg\" alt=\"La stalagmite de la grotte de Coste Belle (photo : P. Bertochio)\" title=\"La stalagmite de la grotte de Coste Belle (photo : P. Bertochio)\" class=\"caption\" align=\"center\" width=\"750\" height=\"563\" \/><figcaption id=\"caption-attachment-543\" class=\"wp-caption-text\">La stalagmite de la grotte de Coste Belle (photo : P. Bertochio)<\/figcaption><\/figure>\n","protected":false},"excerpt":{"rendered":"<p>Avec Johana, C\u00e9line, Lucie, Titouan, Marc, Eric, Fran\u00e7ois et la pr\u00e9sence dimanche de Jean-Louis et L\u00e9o Flandin des Voconces de Brian\u00e7on.<\/p>\n","protected":false},"author":2,"featured_media":538,"comment_status":"closed","ping_status":"open","sticky":false,"template":"","format":"standard","meta":{"footnotes":""},"categories":[3],"tags":[],"class_list":["post-544","post","type-post","status-publish","format-standard","has-post-thumbnail","hentry","category-sorties-realisees"],"_links":{"self":[{"href":"https:\/\/speleoclub-gap.fr\/index.php?rest_route=\/wp\/v2\/posts\/544","targetHints":{"allow":["GET"]}}],"collection":[{"href":"https:\/\/speleoclub-gap.fr\/index.php?rest_route=\/wp\/v2\/posts"}],"about":[{"href":"https:\/\/speleoclub-gap.fr\/index.php?rest_route=\/wp\/v2\/types\/post"}],"author":[{"embeddable":true,"href":"https:\/\/speleoclub-gap.fr\/index.php?rest_route=\/wp\/v2\/users\/2"}],"replies":[{"embeddable":true,"href":"https:\/\/speleoclub-gap.fr\/index.php?rest_route=%2Fwp%2Fv2%2Fcomments&post=544"}],"version-history":[{"count":0,"href":"https:\/\/speleoclub-gap.fr\/index.php?rest_route=\/wp\/v2\/posts\/544\/revisions"}],"wp:featuredmedia":[{"embeddable":true,"href":"https:\/\/speleoclub-gap.fr\/index.php?rest_route=\/"}],"wp:attachment":[{"href":"https:\/\/speleoclub-gap.fr\/index.php?rest_route=%2Fwp%2Fv2%2Fmedia&parent=544"}],"wp:term":[{"taxonomy":"category","embeddable":true,"href":"https:\/\/speleoclub-gap.fr\/index.php?rest_route=%2Fwp%2Fv2%2Fcategories&post=544"},{"taxonomy":"post_tag","embeddable":true,"href":"https:\/\/speleoclub-gap.fr\/index.php?rest_route=%2Fwp%2Fv2%2Ftags&post=544"}],"curies":[{"name":"wp","href":"https:\/\/api.w.org\/{rel}","templated":true}]}}