{"id":531,"date":"2012-06-14T22:17:45","date_gmt":"2012-06-14T20:17:45","guid":{"rendered":"http:\/\/wordpress.localhost\/2012\/06\/14\/rassemblement-regional-a-greoux-les-bains\/"},"modified":"2012-06-14T22:17:45","modified_gmt":"2012-06-14T20:17:45","slug":"rassemblement-regional-a-greoux-les-bains","status":"publish","type":"post","link":"https:\/\/speleoclub-gap.fr\/?p=531","title":{"rendered":"Rassemblement r\u00e9gional \u00e0 Gr\u00e9oux les bains"},"content":{"rendered":"<p class=\"post_excerpt\">Pr\u00e9sents : Fran\u00e7ois, C\u00e9line, Titouan, Lucie, Philippe.<\/p>\n<p><!--more--><br \/>\nSamedi 9 juin : d\u00e9part pour Gr\u00e9oux. Cette ann\u00e9e, nous sommes enfin disponible pour participer au rassemblement r\u00e9gional organis\u00e9 par le LIPAM (LIgue Provence Alpes M\u00e9diterran\u00e9e), notre comit\u00e9 sp\u00e9l\u00e9o r\u00e9gional.<\/p>\n<figure id=\"attachment_528\" aria-describedby=\"caption-attachment-528\" style=\"width: 750px\" class=\"wp-caption aligncenter\"><img loading=\"lazy\" decoding=\"async\" class=\" aligncenter size-full wp-image-528\" src=\"http:\/\/wordpress.localhost\/wp-content\/uploads\/2012\/06\/jpg_IMG_3033m.jpg\" alt=\"La team de choc\" title=\"La team de choc\" class=\"caption\" align=\"center\" width=\"750\" height=\"563\" \/><figcaption id=\"caption-attachment-528\" class=\"wp-caption-text\">La team de choc<\/figcaption><\/figure>\n<p>La destination peut surprendre car Gr\u00e9oux les Bains n&rsquo;est pas vraiment un \u00ab\u00a0spot\u00a0\u00bb sp\u00e9l\u00e9o. En fait, il s&rsquo;agit d&rsquo;\u00eatre entre les gorges du Verdon et la grotte de St-Eucher. Le Verdon sera le terrain de jeu des canyonnistes alors que St-Eucher servira de base au stage sp\u00e9l\u00e9o scientifique organis\u00e9 par la commission f\u00e9minine. Nous voil\u00e0 donc tous r\u00e9unis, de fa\u00e7on tr\u00e8s \u00e9chelonn\u00e9e, au camping \u00ab\u00a0la Pin\u00e8de\u00a0\u00bb. L&rsquo;accueil ne sera pas ce que nous retiendrons le plus. L&rsquo;\u00e2ge moyen de la client\u00e8le d&rsquo;habitu\u00e9s mais surtout le lopin de terre qui nous a \u00e9t\u00e9 r\u00e9serv\u00e9 n&rsquo;a pas favoris\u00e9 de bonnes relations. Dommage ! Il n&rsquo;y a pas \u00e0 dire, nous sommes mieux entre nous dans un coin de garrigue \u00e0 faire griller nos saucisses, loin de cet esprit de consommateur.<\/p>\n<figure id=\"attachment_529\" aria-describedby=\"caption-attachment-529\" style=\"width: 600px\" class=\"wp-caption aligncenter\"><img loading=\"lazy\" decoding=\"async\" class=\" aligncenter size-full wp-image-529\" src=\"http:\/\/wordpress.localhost\/wp-content\/uploads\/2012\/06\/jpg_IMG_3019b.jpg\" alt=\"Les narines du dinosaure\" title=\"Les narines du dinosaure\" class=\"caption\" align=\"center\" width=\"600\" height=\"800\" \/><figcaption id=\"caption-attachment-529\" class=\"wp-caption-text\">Les narines du dinosaure<\/figcaption><\/figure>\n<p>Apr\u00e8s le pique-nique, nous proposons \u00e0 qui veut, une petite sortie \u00e0 la grotte de St-S\u00e9bastien car il y a bien des grottes \u00e0 Gr\u00e9oux. Mais elles sont tr\u00e8s confidentielles. Pas par le secret, plut\u00f4t par la taille. Jean, le pr\u00e9sident du CDS04 accompagne notre petite famille. Arm\u00e9s d&rsquo;un casque, nous cherchons avec difficult\u00e9 un acc\u00e8s au secteur de la grotte. L&rsquo;urbanisation galopante me trompe. Je n&rsquo;arrive pas \u00e0 retrouver l&rsquo;acc\u00e8s. Il n&rsquo;y a que barri\u00e8re et cl\u00f4tures. Finalement, le flair de Jean nous conduira au stade de rugby. La grotte n&rsquo;est qu&rsquo;\u00e0 cinquante m\u00e8tres de l\u00e0. Creus\u00e9e par un ph\u00e9nom\u00e8ne de fantomisation, la galerie se pr\u00e9sente sous la forme d&rsquo;un ovale \u00e0 la verticale. La roche tr\u00e8s souple est grav\u00e9e sur toute sa surface dans les vingt premiers m\u00e8tres. La poussi\u00e8re est aussi omnipr\u00e9sente.<\/p>\n<p>Le soir, un ap\u00e9ritif pr\u00e9par\u00e9 par Annie et Raymond fut un moment bien sympathique. Le repas propos\u00e9 par le camping, juste apr\u00e8s, fut plut\u00f4t lamentable. Difficile de se moquer plus des clients, et les sp\u00e9l\u00e9os ne sont pas franchement p\u00e9nibles. Il n&rsquo;y a pas de risque qu&rsquo;il nous revoit et nous leur ferons la publicit\u00e9 qu&rsquo;il se doit&#8230;<\/p>\n<figure id=\"attachment_530\" aria-describedby=\"caption-attachment-530\" style=\"width: 800px\" class=\"wp-caption aligncenter\"><img loading=\"lazy\" decoding=\"async\" class=\" aligncenter size-full wp-image-530\" src=\"http:\/\/wordpress.localhost\/wp-content\/uploads\/2012\/06\/jpg_IMG_3024b.jpg\" alt=\"M\u00eame le doudou fait de la sp\u00e9l\u00e9o !\" title=\"M\u00eame le doudou fait de la sp\u00e9l\u00e9o !\" class=\"caption\" align=\"center\" width=\"800\" height=\"600\" \/><figcaption id=\"caption-attachment-530\" class=\"wp-caption-text\">M\u00eame le doudou fait de la sp\u00e9l\u00e9o !<\/figcaption><\/figure>\n<p>Le matin, une bonne partie des sp\u00e9l\u00e9os quitte le camping. Nous sommes un peu d\u00e9pit\u00e9s et d\u00e9sireux de faire encore un petit quelque chose avant de reprendre la route. Je propose \u00e0 Fran\u00e7ois, qui nous a rejoint le soir, de faire un tour dans les deux grottes de Pigettes. Ce n&rsquo;est qu&rsquo;\u00e0 deux kilom\u00e8tres du camping. C&rsquo;est fou comme en six ans la v\u00e9g\u00e9tation a tout recouvert. Nous cherchons en vain une bonne heure sans retrouver les entr\u00e9es. C&rsquo;est finalement Fran\u00e7ois qui red\u00e9couvre l&rsquo;entr\u00e9e de Pigettes 2. Mais celle-ci est presque enti\u00e8rement combl\u00e9e par la terre. Sans pelle, impossible de l&rsquo;ouvrir. Il nous faudra revenir.<\/p>\n","protected":false},"excerpt":{"rendered":"<p>Pr\u00e9sents : Fran\u00e7ois, C\u00e9line, Titouan, Lucie, Philippe.<\/p>\n","protected":false},"author":2,"featured_media":528,"comment_status":"closed","ping_status":"open","sticky":false,"template":"","format":"standard","meta":{"footnotes":""},"categories":[3],"tags":[],"class_list":["post-531","post","type-post","status-publish","format-standard","has-post-thumbnail","hentry","category-sorties-realisees"],"_links":{"self":[{"href":"https:\/\/speleoclub-gap.fr\/index.php?rest_route=\/wp\/v2\/posts\/531","targetHints":{"allow":["GET"]}}],"collection":[{"href":"https:\/\/speleoclub-gap.fr\/index.php?rest_route=\/wp\/v2\/posts"}],"about":[{"href":"https:\/\/speleoclub-gap.fr\/index.php?rest_route=\/wp\/v2\/types\/post"}],"author":[{"embeddable":true,"href":"https:\/\/speleoclub-gap.fr\/index.php?rest_route=\/wp\/v2\/users\/2"}],"replies":[{"embeddable":true,"href":"https:\/\/speleoclub-gap.fr\/index.php?rest_route=%2Fwp%2Fv2%2Fcomments&post=531"}],"version-history":[{"count":0,"href":"https:\/\/speleoclub-gap.fr\/index.php?rest_route=\/wp\/v2\/posts\/531\/revisions"}],"wp:featuredmedia":[{"embeddable":true,"href":"https:\/\/speleoclub-gap.fr\/index.php?rest_route=\/"}],"wp:attachment":[{"href":"https:\/\/speleoclub-gap.fr\/index.php?rest_route=%2Fwp%2Fv2%2Fmedia&parent=531"}],"wp:term":[{"taxonomy":"category","embeddable":true,"href":"https:\/\/speleoclub-gap.fr\/index.php?rest_route=%2Fwp%2Fv2%2Fcategories&post=531"},{"taxonomy":"post_tag","embeddable":true,"href":"https:\/\/speleoclub-gap.fr\/index.php?rest_route=%2Fwp%2Fv2%2Ftags&post=531"}],"curies":[{"name":"wp","href":"https:\/\/api.w.org\/{rel}","templated":true}]}}