{"id":527,"date":"2012-06-12T23:57:25","date_gmt":"2012-06-12T21:57:25","guid":{"rendered":"http:\/\/wordpress.localhost\/2012\/06\/12\/les-espeluches-aux-vans-en-ardeche\/"},"modified":"2012-06-12T23:57:25","modified_gmt":"2012-06-12T21:57:25","slug":"les-espeluches-aux-vans-en-ardeche","status":"publish","type":"post","link":"https:\/\/speleoclub-gap.fr\/?p=527","title":{"rendered":"Les Esp\u00e9luches aux Vans en Ard\u00e8che"},"content":{"rendered":"<p class=\"post_excerpt\">Week-end studieux pour les sp\u00e9l\u00e9o-plongeurs<\/p>\n<p>Avec la participation de : Laurent MOREL et famille, Jean-Pierre et Catherine BAUDU, G\u00e9rard et Christian CHORVOT, Robert , Philippe BRUNET, Xavier ROBERT, St\u00e9phane LIPS, Carlos , Philippe BERTOCHIO et famille.<\/p>\n<p><!--more--><br \/>\nLes 2 et 3 juin 2012, objectifs scientifiques pour les sp\u00e9l\u00e9o-plongeurs du groupe d&rsquo;\u00e9tudes du milieu de l&rsquo;EFPS.<\/p>\n<p>Il a d&rsquo;abord fallu faire le voyage mais surtout trouver, de nuit, dans le maquis ard\u00e9chois, le g\u00eete de Pa\u00efolive. Heureusement pour nous, notre GPS JP (Jean-Pierre) nous a rapidement mis sur la voie. Nous n&rsquo;aurons err\u00e9 que trente minutes. Ext\u00e9nu\u00e9s, nous irons rendre visite directement \u00e0 nos paillasses&#8230;<\/p>\n<p>Le matin, c&rsquo;est l&rsquo;\u00e9merveillement. Le g\u00eete est une vieille b\u00e2tisse en pierre au milieu de nulle part. Nous avons r\u00e9serv\u00e9 tout le g\u00eete pour les deux jours. Rapidement, derri\u00e8re un mur, les enfants d\u00e9couvrent la piscine taill\u00e9e \u00e0 m\u00eame le calcaire ard\u00e9chois. Nous ne les reverrons que pour les repas.<\/p>\n<p>Les plongeurs, d\u00e8s le petit d\u00e9jeuner termin\u00e9, ont rendez-vous en salle. Plusieurs sp\u00e9cialistes doivent nous pr\u00e9senter leurs travaux vulgaris\u00e9s :<br \/>\n&#8211; Laurent MOREL : s\u00e9dimentologie<br \/>\n&#8211; Xavier ROBERT : karstologie du secteur<br \/>\n&#8211; G\u00e9rard CHORVOT : les dolines<br \/>\n&#8211; Jean-Pierre BAUDU : les objectifs du groupe<br \/>\n&#8211; &#8230;<\/p>\n<p>L&rsquo;apr\u00e8s-midi, nous nous retrouvons pour notre \u00e9tude de terrain devant l&rsquo;entr\u00e9e des Esp\u00e9luches en compagnie de nombreux crapauds venus se mettre au frais et \u00e0 l&rsquo;humidit\u00e9.<\/p>\n<figure id=\"attachment_523\" aria-describedby=\"caption-attachment-523\" style=\"width: 750px\" class=\"wp-caption aligncenter\"><img loading=\"lazy\" decoding=\"async\" class=\" aligncenter size-full wp-image-523\" src=\"http:\/\/wordpress.localhost\/wp-content\/uploads\/2012\/06\/jpg_trans3m_cath_.jpg\" alt=\"Nos h\u00f4tes surveillent\" title=\"Nos h\u00f4tes surveillent\" class=\"caption\" align=\"center\" width=\"750\" height=\"549\" \/><figcaption id=\"caption-attachment-523\" class=\"wp-caption-text\">Nos h\u00f4tes surveillent<\/figcaption><\/figure>\n<p>Les conditions de visibilit\u00e9, tr\u00e8s m\u00e9diocres, ne nous permettront pas de faire beaucoup d&rsquo;observations sur les formes de galerie et m\u00eame les remplissages. Nous passerons plus de temps dans les inter-siphons o\u00f9 les observations sont plus faciles. Nous ram\u00e8nerons plusieurs pr\u00e9l\u00e8vements pour analyses plus fines en salle.<\/p>\n<figure id=\"attachment_524\" aria-describedby=\"caption-attachment-524\" style=\"width: 750px\" class=\"wp-caption aligncenter\"><img loading=\"lazy\" decoding=\"async\" class=\" aligncenter size-full wp-image-524\" src=\"http:\/\/wordpress.localhost\/wp-content\/uploads\/2012\/06\/jpg_EFPS-les-Vans-_bebert_2.jpg\" alt=\"D\u00e9part du siphon 1\" title=\"D\u00e9part du siphon 1\" class=\"caption\" align=\"center\" width=\"750\" height=\"498\" \/><figcaption id=\"caption-attachment-524\" class=\"wp-caption-text\">D\u00e9part du siphon 1<\/figcaption><\/figure>\n<p>Le soir, nous observons \u00e0 la loupe binoculaire nos pr\u00e9l\u00e8vements. Nous r\u00e9alisons aussi un bilan de nos observations sur le terrain. Rapidement, la quantit\u00e9 d&rsquo;observables et de sp\u00e9cialit\u00e9s nous conduit \u00e0 envisager la cr\u00e9ation de grille d&rsquo;observations afin de r\u00e9colter les informations de mani\u00e8re syst\u00e9matique.<\/p>\n<figure id=\"attachment_525\" aria-describedby=\"caption-attachment-525\" style=\"width: 750px\" class=\"wp-caption aligncenter\"><img loading=\"lazy\" decoding=\"async\" class=\" aligncenter size-full wp-image-525\" src=\"http:\/\/wordpress.localhost\/wp-content\/uploads\/2012\/06\/jpg_IMG_3008m.jpg\" alt=\"Un peu de s\u00e9rieux !\" title=\"Un peu de s\u00e9rieux !\" class=\"caption\" align=\"center\" width=\"750\" height=\"563\" \/><figcaption id=\"caption-attachment-525\" class=\"wp-caption-text\">Un peu de s\u00e9rieux !<\/figcaption><\/figure>\n<p>Apr\u00e8s toutes ces activit\u00e9s \u00ab\u00a0intenses\u00a0\u00bb, nous prenons un peu de repos et surtout l&rsquo;ap\u00e9ro au bord de la mare \u00e0 canards, devant le g\u00eete&#8230;<\/p>\n<figure id=\"attachment_526\" aria-describedby=\"caption-attachment-526\" style=\"width: 750px\" class=\"wp-caption aligncenter\"><img loading=\"lazy\" decoding=\"async\" class=\" aligncenter size-full wp-image-526\" src=\"http:\/\/wordpress.localhost\/wp-content\/uploads\/2012\/06\/jpg_IMG_2995m.jpg\" alt=\"Des conditions difficiles d'\u00e9tudes...\" title=\"Des conditions difficiles d'\u00e9tudes...\" class=\"caption\" align=\"center\" width=\"750\" height=\"563\" \/><figcaption id=\"caption-attachment-526\" class=\"wp-caption-text\">Des conditions difficiles d&rsquo;\u00e9tudes&#8230;<\/figcaption><\/figure>\n<p>Malheureusement, les conditions climatiques ne seront pas avec nous le dimanche. La pluie est incessante. Apr\u00e8s deux pr\u00e9sentation, nous rangeons et nettoyons le g\u00eete pour le rendre \u00e0 son propri\u00e9taire. La visite des marqueurs karstiques de surface sera plus ou moins annul\u00e9e faute de motivation \u00e0 aller se tremper dans le maquis. Retour \u00e0 la maison avec une pluie quasi continue.<\/p>\n","protected":false},"excerpt":{"rendered":"<p>Week-end studieux pour les sp\u00e9l\u00e9o-plongeurs Avec la participation de : Laurent MOREL et famille, Jean-Pierre et Catherine BAUDU, G\u00e9rard et Christian CHORVOT, Robert , Philippe BRUNET, Xavier ROBERT, St\u00e9phane LIPS, [&hellip;]<\/p>\n","protected":false},"author":2,"featured_media":523,"comment_status":"closed","ping_status":"open","sticky":false,"template":"","format":"standard","meta":{"footnotes":""},"categories":[3],"tags":[],"class_list":["post-527","post","type-post","status-publish","format-standard","has-post-thumbnail","hentry","category-sorties-realisees"],"_links":{"self":[{"href":"https:\/\/speleoclub-gap.fr\/index.php?rest_route=\/wp\/v2\/posts\/527","targetHints":{"allow":["GET"]}}],"collection":[{"href":"https:\/\/speleoclub-gap.fr\/index.php?rest_route=\/wp\/v2\/posts"}],"about":[{"href":"https:\/\/speleoclub-gap.fr\/index.php?rest_route=\/wp\/v2\/types\/post"}],"author":[{"embeddable":true,"href":"https:\/\/speleoclub-gap.fr\/index.php?rest_route=\/wp\/v2\/users\/2"}],"replies":[{"embeddable":true,"href":"https:\/\/speleoclub-gap.fr\/index.php?rest_route=%2Fwp%2Fv2%2Fcomments&post=527"}],"version-history":[{"count":0,"href":"https:\/\/speleoclub-gap.fr\/index.php?rest_route=\/wp\/v2\/posts\/527\/revisions"}],"wp:featuredmedia":[{"embeddable":true,"href":"https:\/\/speleoclub-gap.fr\/index.php?rest_route=\/"}],"wp:attachment":[{"href":"https:\/\/speleoclub-gap.fr\/index.php?rest_route=%2Fwp%2Fv2%2Fmedia&parent=527"}],"wp:term":[{"taxonomy":"category","embeddable":true,"href":"https:\/\/speleoclub-gap.fr\/index.php?rest_route=%2Fwp%2Fv2%2Fcategories&post=527"},{"taxonomy":"post_tag","embeddable":true,"href":"https:\/\/speleoclub-gap.fr\/index.php?rest_route=%2Fwp%2Fv2%2Ftags&post=527"}],"curies":[{"name":"wp","href":"https:\/\/api.w.org\/{rel}","templated":true}]}}