{"id":440,"date":"2012-02-06T23:16:51","date_gmt":"2012-02-06T22:16:51","guid":{"rendered":"http:\/\/wordpress.localhost\/2012\/02\/06\/speleo-chiro-dans-le-gardon\/"},"modified":"2012-02-06T23:16:51","modified_gmt":"2012-02-06T22:16:51","slug":"speleo-chiro-dans-le-gardon","status":"publish","type":"post","link":"https:\/\/speleoclub-gap.fr\/?p=440","title":{"rendered":"Sp\u00e9l\u00e9o chiro dans le Gardon"},"content":{"rendered":"<p class=\"post_excerpt\">Du 12 au 15 janvier c\u2019\u00e9tait \u00e9covolontariat au programme pour Christophe et Emilie. 4 jours de prospections chiropt\u00e9rologiques orchestr\u00e9es par le Syndicat mixte des gorges du Gardon.<\/p>\n<p><!--more--><\/p>\n<h2>Sp\u00e9l\u00e9o chiro dans le Gardon<\/h2>\n<p>Du 12 au 15 janvier c\u2019\u00e9tait \u00e9covolontariat au programme pour Christophe et Emilie. 4 jours de prospections chiropt\u00e9rologiques orchestr\u00e9es par le Syndicat mixte des gorges du Gardon (SMGG) dans le cadre du projet europ\u00e9en LIFE + Chiro Med, qui vise \u00e0 assurer la conservation et la gestion int\u00e9gr\u00e9e de 2 esp\u00e8ces de chiropt\u00e8res en PACA et Languedoc-Roussillon : le Grand Rhinolophe et le Murin \u00e0 oreilles \u00e9chancr\u00e9es.<\/p>\n<p><img decoding=\"async\" src=\"IMG\/jpg\/via_cordata_Castellas.jpg\" alt=\"Via cordata de Castellas\" title=\"Via cordata de Castellas\" class=\"caption\" data-description=\"Via cordata sur les falaises du Castellas pour Christophe, Emilie et Thierry, de l\u2019Association de Sp\u00e9l\u00e9o Nimoise, le \u00ab Philippe N\u00eemois \u00bb ;-)\nEn tee-shirt\u2026 et oui, c\u2019\u00e9tait l\u2019\u00e9t\u00e9 dans le Sud !\" align=\"center\" \/><\/p>\n<p>Une trentaine de participants pour 78 grottes et avens prospect\u00e9s en 5 jours, 1\/3 des cavit\u00e9s occup\u00e9es par au moins une chauve-souris soit 39 b\u00e9b\u00eates au total\u2026 On a dit prospection, pas comptage ! Enfin de quoi se rincer l\u2019\u0153il malgr\u00e9 tout avec notamment 3 esp\u00e8ces de Rhinolophid\u00e9s, dont le Rhino euryale, qu\u2019on ne trouve pas chez nous.<\/p>\n<p><img decoding=\"async\" src=\"IMG\/jpg\/Rappel_Castellas_Christophe.jpg\" alt=\"Rappel_Castellas_Christophe.jpg\" data-description=\"Acc\u00e8s a\u00e9rien avec vue plongeante sur le Gardon... c'est beau le Gardon!\nphoto: C. Dioniso\" align=\"center\" \/><\/p>\n<p>Et le Gardon, c\u2019est beau\u2026 gouffre des Esp\u00e9lugues, falaises d\u2019Entouri\u00e8res et du Castellas, Castel Viel, Mas de St Nicolas\u2026 la session 2012 nous a g\u00e2t\u00e9s. Ajoutez \u00e0 cela des locaux passionn\u00e9s d\u2019arch\u00e9ologie qui trouvent des tessons tous les 2 m\u00e8tres, des sp\u00e9l\u00e9os tr\u00e8s branch\u00e9s biosp\u00e9l\u00e9o, des charg\u00e9s de missions aux petits soins et des \u00ab coloc\u2019 \u00bb bien sympas\u2026  Dommage qu\u2019il n\u2019y ait pas de session 2013 !<\/p>\n<figure id=\"attachment_438\" aria-describedby=\"caption-attachment-438\" style=\"width: 700px\" class=\"wp-caption aligncenter\"><img loading=\"lazy\" decoding=\"async\" class=\" aligncenter size-full wp-image-438\" src=\"http:\/\/wordpress.localhost\/wp-content\/uploads\/2012\/02\/jpg_rappel_Castellas.jpg\" alt=\"Rappel de Castellas, Emilie\" title=\"Rappel de Castellas, Emilie\" class=\"caption\" data-description=\"Photo: C. Boulangeat\" align=\"center\" width=\"700\" height=\"934\" \/><figcaption id=\"caption-attachment-438\" class=\"wp-caption-text\">Rappel de Castellas, Emilie<\/figcaption><\/figure>\n<p><a href=\"http:\/\/www.lifechiromed.fr\/upload\/documents\/\/lifechiromed_vsfinale.pdf\">Pr\u00e9sentation du Life+ Chiro Med : <\/a><\/p>\n<p><figure id=\"attachment_439\" aria-describedby=\"caption-attachment-439\" style=\"width: 700px\" class=\"wp-caption aligncenter\"><img loading=\"lazy\" decoding=\"async\" class=\" aligncenter size-full wp-image-439\" src=\"http:\/\/wordpress.localhost\/wp-content\/uploads\/2012\/02\/jpg_Traces_d_urine.jpg\" alt=\"Traces d'urine... indice de pr\u00e9sence de chiropt\u00e8res\" title=\"Traces d'urine... indice de pr\u00e9sence de chiropt\u00e8res\" class=\"caption\" data-description=\"Photo: C. Boulangeat\" align=\"center\" width=\"700\" height=\"933\" \/><figcaption id=\"caption-attachment-439\" class=\"wp-caption-text\">Traces d&rsquo;urine&#8230; indice de pr\u00e9sence de chiropt\u00e8res<\/figcaption><\/figure><br \/>\n<img decoding=\"async\" src=\"IMG\/jpg\/Grillon_de_Dalmatie.jpg\" alt=\"Grillon de Dalmatie\" title=\"Grillon de Dalmatie\" class=\"caption\" data-description=\"Le seul orthopt\u00e8re des cavit\u00e9s du Gardon: Gryllomorpha dalmatina (Ocskay, 1832), ou \nGrillon de Dalmatie \nPhoto: C. Boulangeat\" align=\"center\" \/><\/p>\n","protected":false},"excerpt":{"rendered":"<p>Du 12 au 15 janvier c\u2019\u00e9tait \u00e9covolontariat au programme pour Christophe et Emilie. 4 jours de prospections chiropt\u00e9rologiques orchestr\u00e9es par le Syndicat mixte des gorges du Gardon.<\/p>\n","protected":false},"author":2,"featured_media":438,"comment_status":"closed","ping_status":"open","sticky":false,"template":"","format":"standard","meta":{"footnotes":""},"categories":[3],"tags":[],"class_list":["post-440","post","type-post","status-publish","format-standard","has-post-thumbnail","hentry","category-sorties-realisees"],"_links":{"self":[{"href":"https:\/\/speleoclub-gap.fr\/index.php?rest_route=\/wp\/v2\/posts\/440","targetHints":{"allow":["GET"]}}],"collection":[{"href":"https:\/\/speleoclub-gap.fr\/index.php?rest_route=\/wp\/v2\/posts"}],"about":[{"href":"https:\/\/speleoclub-gap.fr\/index.php?rest_route=\/wp\/v2\/types\/post"}],"author":[{"embeddable":true,"href":"https:\/\/speleoclub-gap.fr\/index.php?rest_route=\/wp\/v2\/users\/2"}],"replies":[{"embeddable":true,"href":"https:\/\/speleoclub-gap.fr\/index.php?rest_route=%2Fwp%2Fv2%2Fcomments&post=440"}],"version-history":[{"count":0,"href":"https:\/\/speleoclub-gap.fr\/index.php?rest_route=\/wp\/v2\/posts\/440\/revisions"}],"wp:featuredmedia":[{"embeddable":true,"href":"https:\/\/speleoclub-gap.fr\/index.php?rest_route=\/"}],"wp:attachment":[{"href":"https:\/\/speleoclub-gap.fr\/index.php?rest_route=%2Fwp%2Fv2%2Fmedia&parent=440"}],"wp:term":[{"taxonomy":"category","embeddable":true,"href":"https:\/\/speleoclub-gap.fr\/index.php?rest_route=%2Fwp%2Fv2%2Fcategories&post=440"},{"taxonomy":"post_tag","embeddable":true,"href":"https:\/\/speleoclub-gap.fr\/index.php?rest_route=%2Fwp%2Fv2%2Ftags&post=440"}],"curies":[{"name":"wp","href":"https:\/\/api.w.org\/{rel}","templated":true}]}}