{"id":437,"date":"2012-02-04T22:51:04","date_gmt":"2012-02-04T21:51:04","guid":{"rendered":"http:\/\/wordpress.localhost\/2012\/02\/04\/exploration-hivernale-au-bellot\/"},"modified":"2012-02-04T22:51:04","modified_gmt":"2012-02-04T21:51:04","slug":"exploration-hivernale-au-bellot","status":"publish","type":"post","link":"https:\/\/speleoclub-gap.fr\/?p=437","title":{"rendered":"Exploration hivernale au Bellot"},"content":{"rendered":"<p class=\"post_excerpt\">Avec Johana, \u00c9milie, \u00c9ric, Fran\u00e7ois et Philippe<\/p>\n<p><!--more--><br \/>\nC&rsquo;est dimanche. Dehors, il fait froid ! Pourtant je parviens \u00e0 m&rsquo;extraire de la couette chaude pour aller rejoindre ce que beaucoup consid\u00e9rerait comme un enfer blanc.<\/p>\n<p>Nous avons rendez-vous \u00e0 8h30 \u00e0 Gap. Je prends Fran\u00e7ois au passage. Je suis encore \u00e0 la bourre ! Tout le monde est au rendez-vous. Direction : le D\u00e9voluy. Mais en douceur car les routes sont lustr\u00e9es par l&rsquo;hiver qui vient enfin de pointer son nez blanc.<\/p>\n<p>Arriv\u00e9 au col du Festre, j&rsquo;ai un instant pens\u00e9 que Fran\u00e7ois nous faisait un refus devant obstacle. Non ! Juste une envie de petit caf\u00e9 dans ce qui pour nous est le dernier t\u00e9moin de la civilisation occidentale : le bar du col.<\/p>\n<p><img loading=\"lazy\" decoding=\"async\" class=\" aligncenter size-full wp-image-432\" src=\"http:\/\/wordpress.localhost\/wp-content\/uploads\/2012\/02\/jpg_IMG_2659b.jpg\" alt=\"IMG_2659b.jpg\" align=\"center\" width=\"751\" height=\"582\" \/><\/p>\n<p>Bon, fini le tourisme, les choses s\u00e9rieuses commencent. Les voitures pos\u00e9es sur la glace aux Couti\u00e8res, nous d\u00e9marrons l&rsquo;approche avec les raquettes. Je choisis un acc\u00e8s direct par la cr\u00eate avec un d\u00e9part un peu raide mais plus progressif ensuite. Fran\u00e7ois opte pour le vallon, plus tranquille au d\u00e9part. Alors que tous ont suivi Fran\u00e7ois, je me retrouve un peu isol\u00e9 au milieu d&rsquo;un brouillard plus l\u00e9ger que d&rsquo;habitude. De temps en temps, j&rsquo;aper\u00e7ois le petit groupe au travers d&rsquo;une petite perc\u00e9e. Nous arrivons de concert \u00e0 la cabane et nous nous r\u00e9fugions dans la partie basse qui reste ouverte. La chaleur n&rsquo;est pas au rendez-vous, mais il n&rsquo;y a pas de vent&#8230;<\/p>\n<figure id=\"attachment_433\" aria-describedby=\"caption-attachment-433\" style=\"width: 751px\" class=\"wp-caption aligncenter\"><img loading=\"lazy\" decoding=\"async\" class=\" aligncenter size-full wp-image-433\" src=\"http:\/\/wordpress.localhost\/wp-content\/uploads\/2012\/02\/jpg_IMG_2661b.jpg\" alt=\"L'ambiance \u00e0 l'entr\u00e9e\" title=\"L'ambiance \u00e0 l'entr\u00e9e\" class=\"caption\" align=\"center\" width=\"751\" height=\"659\" \/><figcaption id=\"caption-attachment-433\" class=\"wp-caption-text\">L&rsquo;ambiance \u00e0 l&rsquo;entr\u00e9e<\/figcaption><\/figure>\n<p>D\u00e9j\u00e0 11h, nous cassons une petite graine avant de s&rsquo;\u00e9quiper rapidement et rejoindre l&rsquo;entr\u00e9e 150 m\u00e8tres plus loin. Je pars devant pour \u00e9quiper le puits d&rsquo;entr\u00e9e afin qu&rsquo;il n&rsquo;y ait pas d&rsquo;attente dans le froid. L&rsquo;air ext\u00e9rieur plafonne \u00e0 -8\u00b0 alors que la temp\u00e9rature de la cavit\u00e9 passe rapidement \u00e0 +8\u00b0 vers -50m. Aussi, notre \u00e9quipement sp\u00e9l\u00e9o n&rsquo;est pas tr\u00e8s adapt\u00e9 \u00e0 la surface. Le d\u00e9gagement r\u00e9alis\u00e9 par Christian et Fran\u00e7ois, la semaine pr\u00e9c\u00e9dente, est bien utile. Les amarrages sont facilement accessibles. Mais quinze m\u00e8tres plus bas, la neige a quasiment tout obstru\u00e9e sur plus de trois m\u00e8tres d&rsquo;\u00e9paisseur. Il ne reste que vingt centim\u00e8tres au plafond d&rsquo;o\u00f9 coulent de belles stalactites de glace. Celles-ci font rideaux et c&rsquo;est \u00e0 grands coups de bottes que j&rsquo;ouvre un passage. Moiti\u00e9 luge sur le dos, moiti\u00e9 descente sur corde, j&rsquo;atteins &#8211; 35 m, terminus de la neige et d\u00e9but de la tr\u00e9mie. Il s&rsquo;en est fallu de peu que la cavit\u00e9 ne soit ferm\u00e9e.<\/p>\n<figure id=\"attachment_434\" aria-describedby=\"caption-attachment-434\" style=\"width: 704px\" class=\"wp-caption aligncenter\"><img loading=\"lazy\" decoding=\"async\" class=\" aligncenter size-full wp-image-434\" src=\"http:\/\/wordpress.localhost\/wp-content\/uploads\/2012\/02\/jpg_IMG_2667b.jpg\" alt=\"Sommet du P30\" title=\"Sommet du P30\" class=\"caption\" align=\"center\" width=\"704\" height=\"750\" \/><figcaption id=\"caption-attachment-434\" class=\"wp-caption-text\">Sommet du P30<\/figcaption><\/figure>\n<p>Je rejoins le sommet du P30 pour \u00eatre au \u00ab\u00a0chaud\u00a0\u00bb afin d&rsquo;attendre le reste de l&rsquo;\u00e9quipe. En fl\u00e2nant, je d\u00e9couvre le cr\u00e2ne d&rsquo;un petit rongeur dans une flaque de \u00ab\u00a0lait de lune\u00a0\u00bb. Il aurait plu \u00e0 L\u00e9a, notre arch\u00e9o-zoologue, mais impossible de le pr\u00e9lever sans le d\u00e9truire. L&rsquo;os est totalement ramolli. Je recherche la chauve-souris aper\u00e7ue \u00e0 notre pr\u00e9c\u00e9dent passage. Je ne la vois pas. La joyeuse troupe me rejoint tr\u00e8s motiv\u00e9e. La suite est \u00e9quip\u00e9e, aussi nous progressons rapidement. Au niveau du lac de boue, je prends quelques photographies d&rsquo;un concr\u00e9tionnement \u00e9trange qui rappelle certaines formes de cristallisation du gypse. Au retour, je tenterai un petit pr\u00e9l\u00e8vement pour des analyses plus fines.<\/p>\n<figure id=\"attachment_435\" aria-describedby=\"caption-attachment-435\" style=\"width: 751px\" class=\"wp-caption aligncenter\"><img loading=\"lazy\" decoding=\"async\" class=\" aligncenter size-full wp-image-435\" src=\"http:\/\/wordpress.localhost\/wp-content\/uploads\/2012\/02\/jpg_IMG_2665b.jpg\" alt=\"Cr\u00e2ne de rongeur\" title=\"Cr\u00e2ne de rongeur\" class=\"caption\" align=\"center\" width=\"751\" height=\"565\" \/><figcaption id=\"caption-attachment-435\" class=\"wp-caption-text\">Cr\u00e2ne de rongeur<\/figcaption><\/figure>\n<p>Le lac de boue se r\u00e9v\u00e8le un obstacle plus difficile qu&rsquo;il n&rsquo;y para\u00eet. La tyrolienne, plus haute en amont qu&rsquo;en aval, est assez technique. Nous profitons de cette belle zone de puits pour observer les sculptures naturelles des d\u00e9p\u00f4ts de lait de lune (mondmich). Apr\u00e8s, le m\u00e9andre sera moins appr\u00e9ci\u00e9, surtout la partie aquatique. Enfin, le dernier puits de 11 m\u00e8tres. Le d\u00e9part en boite aux lettres qui sort plein gaz, l&rsquo;\u00e9quipement tr\u00e8s psychologique dans une roche o\u00f9 il est impossible de trouver une zone saine a raison de la motivation du plus grand nombre. C&rsquo;est courageux de leur part car c&rsquo;est dans le m\u00e9andre et au courant d&rsquo;air qu&rsquo;ils m&rsquo;attendront. Je descends rapidement les derniers m\u00e8tres pour atteindre le sol de la salle St\u00e9phanie. Avec les ann\u00e9es, j&rsquo;ai du mal \u00e0 reconna\u00eetre notre terminus. Pourtant, aucune trace ne semble montrer un d\u00e9placement de la tr\u00e9mie.<\/p>\n<p>Au point le plus bas, je me glisse entre deux gros rochers. L\u00e0 dessous, un bloc pyramidal m&rsquo;interdit la suite. Quelques coups de massette et un forage au perforateur auront raison de cet obstacle. Je d\u00e9gage les d\u00e9blais allong\u00e9 dans le lait de lune toujours tr\u00e8s pr\u00e9sent. Je peux enfin descendre de deux m\u00e8tres suppl\u00e9mentaires. Mais un autre bloc me barre le passage pour les deux m\u00e8tres suivants. Une barre \u00e0 mine aurait suffi, justement, celle qui est rest\u00e9e dans la voiture ! Tant pis. Ce sera pour la prochaine fois surtout qu&rsquo;il est d\u00e9j\u00e0 16h, que les autres m&rsquo;attendent et que nous ne sommes pas encore \u00e0 la maison&#8230;<\/p>\n<figure id=\"attachment_436\" aria-describedby=\"caption-attachment-436\" style=\"width: 578px\" class=\"wp-caption aligncenter\"><img loading=\"lazy\" decoding=\"async\" class=\" aligncenter size-full wp-image-436\" src=\"http:\/\/wordpress.localhost\/wp-content\/uploads\/2012\/02\/jpg_IMG_2690b.jpg\" alt=\"Tyrolienne au-dessus du lac de boue\" title=\"Tyrolienne au-dessus du lac de boue\" class=\"caption\" align=\"center\" width=\"578\" height=\"751\" \/><figcaption id=\"caption-attachment-436\" class=\"wp-caption-text\">Tyrolienne au-dessus du lac de boue<\/figcaption><\/figure>\n<p>Le retour se fera \u00e0 petit rythme. Certains d&rsquo;entre nous accusent la fatigue et le froid n&rsquo;aide gu\u00e8re. Dans le P30, nous retrouverons la chauve-souris \u00e0 son poste. Mais la distance ne nous permet pas de l&rsquo;identifier. Et puis ce n&rsquo;est pas une saison pour la d\u00e9ranger. Dehors, le vent s&rsquo;est intensifi\u00e9. La temp\u00e9rature n\u00e9gative et le vent figent tout. La combinaison durcit. Les mousquetons ne s&rsquo;ouvrent plus. Nous enfilons les raquettes pour courir jusqu&rsquo;\u00e0 la cabane. Il n&rsquo;y fait pas plus chaud mais le psychologique y gagne. Il n&rsquo;y a surtout pas de vent. Mis au sec et sacs bien charg\u00e9s, nous reprenons le chemin de la descente dans le noir, le vent et le froid. Aussi, nous ne mettrons pas longtemps \u00e0 rejoindre les voitures. \u00c9puis\u00e9e, Johana pr\u00e9f\u00e8re s&rsquo;installer directement dans le coffre plut\u00f4t que de quitter les raquettes. Chauffage \u00e0 fond, elle redescendra finalement sur son si\u00e8ge et bien au sec&#8230;<\/p>\n","protected":false},"excerpt":{"rendered":"<p>Avec Johana, \u00c9milie, \u00c9ric, Fran\u00e7ois et Philippe<\/p>\n","protected":false},"author":2,"featured_media":432,"comment_status":"closed","ping_status":"open","sticky":false,"template":"","format":"standard","meta":{"footnotes":""},"categories":[3],"tags":[],"class_list":["post-437","post","type-post","status-publish","format-standard","has-post-thumbnail","hentry","category-sorties-realisees"],"_links":{"self":[{"href":"https:\/\/speleoclub-gap.fr\/index.php?rest_route=\/wp\/v2\/posts\/437","targetHints":{"allow":["GET"]}}],"collection":[{"href":"https:\/\/speleoclub-gap.fr\/index.php?rest_route=\/wp\/v2\/posts"}],"about":[{"href":"https:\/\/speleoclub-gap.fr\/index.php?rest_route=\/wp\/v2\/types\/post"}],"author":[{"embeddable":true,"href":"https:\/\/speleoclub-gap.fr\/index.php?rest_route=\/wp\/v2\/users\/2"}],"replies":[{"embeddable":true,"href":"https:\/\/speleoclub-gap.fr\/index.php?rest_route=%2Fwp%2Fv2%2Fcomments&post=437"}],"version-history":[{"count":0,"href":"https:\/\/speleoclub-gap.fr\/index.php?rest_route=\/wp\/v2\/posts\/437\/revisions"}],"wp:featuredmedia":[{"embeddable":true,"href":"https:\/\/speleoclub-gap.fr\/index.php?rest_route=\/"}],"wp:attachment":[{"href":"https:\/\/speleoclub-gap.fr\/index.php?rest_route=%2Fwp%2Fv2%2Fmedia&parent=437"}],"wp:term":[{"taxonomy":"category","embeddable":true,"href":"https:\/\/speleoclub-gap.fr\/index.php?rest_route=%2Fwp%2Fv2%2Fcategories&post=437"},{"taxonomy":"post_tag","embeddable":true,"href":"https:\/\/speleoclub-gap.fr\/index.php?rest_route=%2Fwp%2Fv2%2Ftags&post=437"}],"curies":[{"name":"wp","href":"https:\/\/api.w.org\/{rel}","templated":true}]}}