{"id":2821,"date":"2018-11-07T19:27:54","date_gmt":"2018-11-07T18:27:54","guid":{"rendered":"http:\/\/wordpress.localhost\/2018\/11\/07\/la-pierre-saint-martin-4\/"},"modified":"2021-12-30T21:00:11","modified_gmt":"2021-12-30T20:00:11","slug":"la-pierre-saint-martin-4","status":"publish","type":"post","link":"https:\/\/speleoclub-gap.fr\/?p=2821","title":{"rendered":"La Pierre Saint Martin"},"content":{"rendered":"\n<p>Deux nouveaux s\u00e9jours, en septembre et fin octobre. Deux contrastes en d\u00e9couvertes. Et deux m\u00e9t\u00e9o oppos\u00e9es.<\/p>\n\n\n\n<p>Les photos sont d&rsquo;Eric Boyer, Laurent Lafon, David Diez et Fran\u00e7ois Parrini.<strong><br><\/strong>Participant de SCA Gap. Fran\u00e7ois Parrini.<\/p>\n\n\n\n<!--more-->\n\n\n\n<p>Septembre rempli de soleil, nous a permis d&rsquo;explorer plusieurs cavit\u00e9s en m\u00eame temps. De quelques m\u00e8tres dans une, \u00e0 un joli ressaut de 4m suivi d&rsquo;un P9 dans une autre avec toujours un tr\u00e8s fort courant d&rsquo;air aspirant. Nous avons profit\u00e9 de ce temps tr\u00e8s chaud pour explorer des d\u00e9parts de surface rep\u00e9rer en hiver, gr\u00e2ce \u00e0 leur entr\u00e9es bien d\u00e9gag\u00e9es. Il reste encore du travail de d\u00e9sobstruction. Une belle randonn\u00e9e en milieu de semaine nous a permis de visiter un autre recoin de la montagne.<\/p>\n\n\n\n<div class=\"wp-block-image\"><figure class=\"aligncenter size-full\"><img loading=\"lazy\" decoding=\"async\" width=\"650\" height=\"302\" src=\"https:\/\/speleoclub-gap.fr\/wp-content\/uploads\/2018\/11\/jpg_Soleil_a_volonte_.jpg\" alt=\"\" class=\"wp-image-5406\" srcset=\"https:\/\/speleoclub-gap.fr\/wp-content\/uploads\/2018\/11\/jpg_Soleil_a_volonte_.jpg 650w, https:\/\/speleoclub-gap.fr\/wp-content\/uploads\/2018\/11\/jpg_Soleil_a_volonte_-300x139.jpg 300w\" sizes=\"auto, (max-width: 650px) 100vw, 650px\" \/><\/figure><\/div>\n\n\n\n<div class=\"wp-block-image\"><figure class=\"aligncenter size-full\"><img loading=\"lazy\" decoding=\"async\" width=\"650\" height=\"365\" src=\"https:\/\/speleoclub-gap.fr\/wp-content\/uploads\/2018\/11\/jpg_En_premiere_R4_et_P9.jpg\" alt=\"\" class=\"wp-image-5385\" srcset=\"https:\/\/speleoclub-gap.fr\/wp-content\/uploads\/2018\/11\/jpg_En_premiere_R4_et_P9.jpg 650w, https:\/\/speleoclub-gap.fr\/wp-content\/uploads\/2018\/11\/jpg_En_premiere_R4_et_P9-300x168.jpg 300w\" sizes=\"auto, (max-width: 650px) 100vw, 650px\" \/><\/figure><\/div>\n\n\n\n<div class=\"wp-block-image\"><figure class=\"aligncenter size-full\"><img loading=\"lazy\" decoding=\"async\" width=\"750\" height=\"422\" src=\"https:\/\/speleoclub-gap.fr\/wp-content\/uploads\/2018\/11\/jpg_Ce_n_est_pas_toujours_tres_large.jpg\" alt=\"\" class=\"wp-image-5379\" srcset=\"https:\/\/speleoclub-gap.fr\/wp-content\/uploads\/2018\/11\/jpg_Ce_n_est_pas_toujours_tres_large.jpg 750w, https:\/\/speleoclub-gap.fr\/wp-content\/uploads\/2018\/11\/jpg_Ce_n_est_pas_toujours_tres_large-300x169.jpg 300w\" sizes=\"auto, (max-width: 750px) 100vw, 750px\" \/><\/figure><\/div>\n\n\n\n<p>En octobre la m\u00e9t\u00e9o nous avait pr\u00e9venu. De la neige et une baisse des temp\u00e9ratures. Nous passions nos journ\u00e9es entre z\u00e9ro et plus cinq degr\u00e9s Celsius. Il faisait meilleur sous terre. Les progressions furent lentes et rampantes. Avec quelques m\u00e8tres de gagn\u00e9 et notre \u00e9clairage qui nous dit, que cela continu mais c&rsquo;est toujours aussi \u00e9troit.<\/p>\n\n\n\n<div class=\"wp-block-image\"><figure class=\"aligncenter size-full\"><img loading=\"lazy\" decoding=\"async\" width=\"422\" height=\"750\" src=\"https:\/\/speleoclub-gap.fr\/wp-content\/uploads\/2018\/11\/jpg_Gratter_porter_et_ranger.jpg\" alt=\"\" class=\"wp-image-5394\" srcset=\"https:\/\/speleoclub-gap.fr\/wp-content\/uploads\/2018\/11\/jpg_Gratter_porter_et_ranger.jpg 422w, https:\/\/speleoclub-gap.fr\/wp-content\/uploads\/2018\/11\/jpg_Gratter_porter_et_ranger-169x300.jpg 169w\" sizes=\"auto, (max-width: 422px) 100vw, 422px\" \/><\/figure><\/div>\n\n\n\n<div class=\"wp-block-image\"><figure class=\"aligncenter size-full\"><img loading=\"lazy\" decoding=\"async\" width=\"750\" height=\"422\" src=\"https:\/\/speleoclub-gap.fr\/wp-content\/uploads\/2018\/11\/jpg_Changement_de_tenue.jpg\" alt=\"\" class=\"wp-image-5382\" srcset=\"https:\/\/speleoclub-gap.fr\/wp-content\/uploads\/2018\/11\/jpg_Changement_de_tenue.jpg 750w, https:\/\/speleoclub-gap.fr\/wp-content\/uploads\/2018\/11\/jpg_Changement_de_tenue-300x169.jpg 300w\" sizes=\"auto, (max-width: 750px) 100vw, 750px\" \/><\/figure><\/div>\n\n\n\n<div class=\"wp-block-image\"><figure class=\"aligncenter size-full\"><img loading=\"lazy\" decoding=\"async\" width=\"750\" height=\"422\" src=\"https:\/\/speleoclub-gap.fr\/wp-content\/uploads\/2018\/11\/jpg_Entree.jpg\" alt=\"\" class=\"wp-image-5388\" srcset=\"https:\/\/speleoclub-gap.fr\/wp-content\/uploads\/2018\/11\/jpg_Entree.jpg 750w, https:\/\/speleoclub-gap.fr\/wp-content\/uploads\/2018\/11\/jpg_Entree-300x169.jpg 300w\" sizes=\"auto, (max-width: 750px) 100vw, 750px\" \/><\/figure><\/div>\n\n\n\n<div class=\"wp-block-image\"><figure class=\"aligncenter size-full\"><img loading=\"lazy\" decoding=\"async\" width=\"750\" height=\"422\" src=\"https:\/\/speleoclub-gap.fr\/wp-content\/uploads\/2018\/11\/jpg_Speleo_vegetale_et_hivernale.jpg\" alt=\"\" class=\"wp-image-5409\" srcset=\"https:\/\/speleoclub-gap.fr\/wp-content\/uploads\/2018\/11\/jpg_Speleo_vegetale_et_hivernale.jpg 750w, https:\/\/speleoclub-gap.fr\/wp-content\/uploads\/2018\/11\/jpg_Speleo_vegetale_et_hivernale-300x169.jpg 300w\" sizes=\"auto, (max-width: 750px) 100vw, 750px\" \/><\/figure><\/div>\n\n\n\n<p>Les sorties de cavit\u00e9 furent parfois mouvement\u00e9es. Bouscul\u00e9s par le vent et la neige. Le col d&rsquo;Erayce \u00e9tant toujours aussi impr\u00e9visible. La derni\u00e8re journ\u00e9e fut consacr\u00e9e a une s\u00e9ance topo dans la salle Aredesso, ainsi qu&rsquo;une visite des quatre grandes salles d\u00e9couvertes en 2012 \u00e0 la base de l&rsquo;AN43 et actuellement rejoint par l&rsquo;AN308. Visite faite pour Genevi\u00e8ve, jeune sp\u00e9l\u00e9o en premi\u00e8re \u00e0 La Pierre.<\/p>\n\n\n\n<div class=\"wp-block-image\"><figure class=\"aligncenter size-full\"><img loading=\"lazy\" decoding=\"async\" width=\"750\" height=\"422\" src=\"https:\/\/speleoclub-gap.fr\/wp-content\/uploads\/2018\/11\/jpg_Mais_apres_c_est_beau.jpg\" alt=\"\" class=\"wp-image-5397\" srcset=\"https:\/\/speleoclub-gap.fr\/wp-content\/uploads\/2018\/11\/jpg_Mais_apres_c_est_beau.jpg 750w, https:\/\/speleoclub-gap.fr\/wp-content\/uploads\/2018\/11\/jpg_Mais_apres_c_est_beau-300x169.jpg 300w\" sizes=\"auto, (max-width: 750px) 100vw, 750px\" \/><\/figure><\/div>\n\n\n\n<div class=\"wp-block-image\"><figure class=\"aligncenter size-full\"><img loading=\"lazy\" decoding=\"async\" width=\"750\" height=\"422\" src=\"https:\/\/speleoclub-gap.fr\/wp-content\/uploads\/2018\/11\/jpg_Tres_beau.jpg\" alt=\"\" class=\"wp-image-5412\" srcset=\"https:\/\/speleoclub-gap.fr\/wp-content\/uploads\/2018\/11\/jpg_Tres_beau.jpg 750w, https:\/\/speleoclub-gap.fr\/wp-content\/uploads\/2018\/11\/jpg_Tres_beau-300x169.jpg 300w\" sizes=\"auto, (max-width: 750px) 100vw, 750px\" \/><\/figure><\/div>\n\n\n\n<div class=\"wp-block-image\"><figure class=\"aligncenter size-full\"><img loading=\"lazy\" decoding=\"async\" width=\"750\" height=\"422\" src=\"https:\/\/speleoclub-gap.fr\/wp-content\/uploads\/2018\/11\/jpg_Et_encore_du_beau-.jpg\" alt=\"\" class=\"wp-image-5391\" srcset=\"https:\/\/speleoclub-gap.fr\/wp-content\/uploads\/2018\/11\/jpg_Et_encore_du_beau-.jpg 750w, https:\/\/speleoclub-gap.fr\/wp-content\/uploads\/2018\/11\/jpg_Et_encore_du_beau--300x169.jpg 300w\" sizes=\"auto, (max-width: 750px) 100vw, 750px\" \/><\/figure><\/div>\n\n\n\n<p>En automne, nous sommes h\u00e9berg\u00e9s au chalet du Bracca, situ\u00e9 sous la station de La Pierre. Ce qui en septembre, nous a permis de croiser les amis Belge et les amis d&rsquo;Amalgame qui terminaient leur s\u00e9jour sp\u00e9l\u00e9o. C&rsquo;est un bel endroit au milieu des bois, o\u00f9 l&rsquo;on trouve r\u00e9guli\u00e8rement des champignons.<\/p>\n\n\n\n<div class=\"wp-block-image\"><figure class=\"aligncenter size-full\"><img loading=\"lazy\" decoding=\"async\" width=\"650\" height=\"488\" src=\"https:\/\/speleoclub-gap.fr\/wp-content\/uploads\/2018\/11\/jpg_Plaisirs_partager.jpg\" alt=\"\" class=\"wp-image-5400\" srcset=\"https:\/\/speleoclub-gap.fr\/wp-content\/uploads\/2018\/11\/jpg_Plaisirs_partager.jpg 650w, https:\/\/speleoclub-gap.fr\/wp-content\/uploads\/2018\/11\/jpg_Plaisirs_partager-300x225.jpg 300w\" sizes=\"auto, (max-width: 650px) 100vw, 650px\" \/><\/figure><\/div>\n\n\n\n<div class=\"wp-block-image\"><figure class=\"aligncenter size-full\"><img loading=\"lazy\" decoding=\"async\" width=\"750\" height=\"563\" src=\"https:\/\/speleoclub-gap.fr\/wp-content\/uploads\/2018\/11\/jpg_Retour_vers_le_col.jpg\" alt=\"\" class=\"wp-image-5403\" srcset=\"https:\/\/speleoclub-gap.fr\/wp-content\/uploads\/2018\/11\/jpg_Retour_vers_le_col.jpg 750w, https:\/\/speleoclub-gap.fr\/wp-content\/uploads\/2018\/11\/jpg_Retour_vers_le_col-300x225.jpg 300w\" sizes=\"auto, (max-width: 750px) 100vw, 750px\" \/><\/figure><\/div>\n","protected":false},"excerpt":{"rendered":"<p>Deux nouveaux s\u00e9jours, en septembre et fin octobre. Deux contrastes en d\u00e9couvertes. Et deux m\u00e9t\u00e9o oppos\u00e9es. Les photos sont d&rsquo;Eric Boyer, Laurent Lafon, David Diez et Fran\u00e7ois Parrini.Participant de SCA [&hellip;]<\/p>\n","protected":false},"author":8,"featured_media":5406,"comment_status":"closed","ping_status":"open","sticky":false,"template":"","format":"standard","meta":{"footnotes":""},"categories":[3],"tags":[],"class_list":["post-2821","post","type-post","status-publish","format-standard","has-post-thumbnail","hentry","category-sorties-realisees"],"_links":{"self":[{"href":"https:\/\/speleoclub-gap.fr\/index.php?rest_route=\/wp\/v2\/posts\/2821","targetHints":{"allow":["GET"]}}],"collection":[{"href":"https:\/\/speleoclub-gap.fr\/index.php?rest_route=\/wp\/v2\/posts"}],"about":[{"href":"https:\/\/speleoclub-gap.fr\/index.php?rest_route=\/wp\/v2\/types\/post"}],"author":[{"embeddable":true,"href":"https:\/\/speleoclub-gap.fr\/index.php?rest_route=\/wp\/v2\/users\/8"}],"replies":[{"embeddable":true,"href":"https:\/\/speleoclub-gap.fr\/index.php?rest_route=%2Fwp%2Fv2%2Fcomments&post=2821"}],"version-history":[{"count":1,"href":"https:\/\/speleoclub-gap.fr\/index.php?rest_route=\/wp\/v2\/posts\/2821\/revisions"}],"predecessor-version":[{"id":9739,"href":"https:\/\/speleoclub-gap.fr\/index.php?rest_route=\/wp\/v2\/posts\/2821\/revisions\/9739"}],"wp:featuredmedia":[{"embeddable":true,"href":"https:\/\/speleoclub-gap.fr\/index.php?rest_route=\/wp\/v2\/media\/5406"}],"wp:attachment":[{"href":"https:\/\/speleoclub-gap.fr\/index.php?rest_route=%2Fwp%2Fv2%2Fmedia&parent=2821"}],"wp:term":[{"taxonomy":"category","embeddable":true,"href":"https:\/\/speleoclub-gap.fr\/index.php?rest_route=%2Fwp%2Fv2%2Fcategories&post=2821"},{"taxonomy":"post_tag","embeddable":true,"href":"https:\/\/speleoclub-gap.fr\/index.php?rest_route=%2Fwp%2Fv2%2Ftags&post=2821"}],"curies":[{"name":"wp","href":"https:\/\/api.w.org\/{rel}","templated":true}]}}