{"id":2583,"date":"2017-10-03T21:27:47","date_gmt":"2017-10-03T19:27:47","guid":{"rendered":"http:\/\/wordpress.localhost\/2017\/10\/03\/la-pierre-saint-martin\/"},"modified":"2021-12-30T21:00:49","modified_gmt":"2021-12-30T20:00:49","slug":"la-pierre-saint-martin","status":"publish","type":"post","link":"https:\/\/speleoclub-gap.fr\/?p=2583","title":{"rendered":"La Pierre Saint Martin"},"content":{"rendered":"<p>Les s\u00e9jours \u00e0 la Pierre Saint Martin se font essentiellement en ao\u00fbt, mais aussi fin septembre et fin octobre.<\/p>\n<figure id=\"attachment_2578\" aria-describedby=\"caption-attachment-2578\" style=\"width: 562px\" class=\"wp-caption aligncenter\"><img loading=\"lazy\" decoding=\"async\" class=\" aligncenter size-full wp-image-2578\" src=\"http:\/\/wordpress.localhost\/wp-content\/uploads\/2017\/10\/jpg_la_doline_F-Parrini_4185.jpg\" alt=\"la doline d'entr\u00e9e\" title=\"la doline d'entr\u00e9e\" width=\"562\" height=\"750\" align=\"middle\"><figcaption id=\"caption-attachment-2578\" class=\"wp-caption-text\">la doline d&rsquo;entr\u00e9e<\/figcaption><\/figure>\n<p>Pour ce s\u00e9jour de septembre, nous \u00e9tions d\u2019abord trois puis cinq. Ce qui est peu compar\u00e9 aux autres ann\u00e9es. L\u2019objectif pr\u00e9visionnel \u00e9tant la visite de diff\u00e9rents d\u00e9parts avec courant d\u2019air rep\u00e9r\u00e9s durant l\u2019\u00e9t\u00e9 ou l\u2019hiver dernier.<\/p>\n<figure id=\"attachment_2579\" aria-describedby=\"caption-attachment-2579\" style=\"width: 750px\" class=\"wp-caption aligncenter\"><img loading=\"lazy\" decoding=\"async\" class=\" aligncenter size-full wp-image-2579\" src=\"http:\/\/wordpress.localhost\/wp-content\/uploads\/2017\/10\/jpg_Entree_Z208_sous_le_bosquet-__.jpg\" alt=\"L'entr\u00e9e Z208 sous le bosquet\" title=\"L'entr\u00e9e Z208 sous le bosquet\" width=\"750\" height=\"563\" align=\"middle\"><figcaption id=\"caption-attachment-2579\" class=\"wp-caption-text\">L&rsquo;entr\u00e9e Z208 sous le bosquet<\/figcaption><\/figure>\n<p>A cinq minute de la voiture, exceptionnel \u00e0 la PSM, notre premi\u00e8re visite est celle d\u2019une perte, int\u00e9ressante car elle se trouve sous la limite des calchistes. Les calchistes sont difficilement p\u00e9n\u00e9trables et exploitables car peu stable. C\u2019est aussi une perte qui a d\u00fb \u00eatre d\u00e9j\u00e0 visit\u00e9e car elle se rep\u00e8re facilement.<\/p>\n<p>A moins huit m\u00e8tres apr\u00e8s avoir sorti quelques blocs, Eric eut l\u2019id\u00e9e de crier pour rep\u00e9rer un \u00e9ventuel \u00e9cho. Et l\u00e0, au travers d\u2019un trou de 2cm de diam\u00e8tre, une r\u00e9sonance puissante se fit entendre. Une si belle r\u00e9sonance que nous en avons jou\u00e9 \u00e0 lui parler. Et c\u2019est ainsi que la d\u00e9sobstruction du Z208 commen\u00e7a.<\/p>\n<figure id=\"attachment_2580\" aria-describedby=\"caption-attachment-2580\" style=\"width: 750px\" class=\"wp-caption aligncenter\"><img loading=\"lazy\" decoding=\"async\" class=\" aligncenter size-full wp-image-2580\" src=\"http:\/\/wordpress.localhost\/wp-content\/uploads\/2017\/10\/jpg_premier_jour_F-Parrini_4174_1_.jpg\" alt=\"premier jour\" title=\"premier jour\" width=\"750\" height=\"563\" align=\"middle\"><figcaption id=\"caption-attachment-2580\" class=\"wp-caption-text\">premier jour<\/figcaption><\/figure>\n<p>Il nous faudra quatre jours avec massette et burin pour agrandir le passage et d\u00e9boucher dans un tr\u00e8s joli P38 d\u2019environ quatre m\u00e8tres par deux m\u00e8tres cinquante, avec un tr\u00e8s fort courant d\u2019air soufflant. Nous l\u2019avons descendu le dernier jour, pour d\u00e9couvrir \u00e0 sa base une galerie fossile horizontale, bouch\u00e9e vers l\u2019amont apr\u00e8s 30m. Vers l\u2019aval, elle est colmat\u00e9e par des d\u00e9p\u00f4ts d\u2019argile et une grosse vasque d\u2019eau. Le courant d\u2019air arrive d\u2019un conduit sup\u00e9rieur du cot\u00e9 aval et une d\u00e9sobstruction sera n\u00e9cessaire. Nous en avons fait la topographie. Et aussi la sieste gr\u00e2ce \u00e0 quatre jours de soleil sur cinq.<\/p>\n<figure id=\"attachment_2581\" aria-describedby=\"caption-attachment-2581\" style=\"width: 562px\" class=\"wp-caption aligncenter\"><img loading=\"lazy\" decoding=\"async\" class=\" aligncenter size-full wp-image-2581\" src=\"http:\/\/wordpress.localhost\/wp-content\/uploads\/2017\/10\/jpg_troisieme_jour_F-Parrini_4187-2.jpg\" alt=\"troisi\u00e8me jour\" title=\"troisi\u00e8me jour\" width=\"562\" height=\"750\" align=\"middle\"><figcaption id=\"caption-attachment-2581\" class=\"wp-caption-text\">troisi\u00e8me jour<\/figcaption><\/figure>\n<p>La suite se fera fin octobre.<\/p>\n<p><strong>Participants. Anne-Marie, Bernard&nbsp;, V\u00e9ro, Eric (MJC Rodez) Fran\u00e7ois (SCA Gap)<\/strong><\/p>\n<figure id=\"attachment_2582\" aria-describedby=\"caption-attachment-2582\" style=\"width: 750px\" class=\"wp-caption aligncenter\"><img loading=\"lazy\" decoding=\"async\" class=\" aligncenter size-full wp-image-2582\" src=\"http:\/\/wordpress.localhost\/wp-content\/uploads\/2017\/10\/jpg_cinquieme_jour_nous_sommes_passe-base_du_P30_vers_l_amont_photo_E-_Boyer_P9290757.jpg\" alt=\"cinqui\u00e8me jour dans l'amont du fossile\" title=\"cinqui\u00e8me jour dans l'amont du fossile\" width=\"750\" height=\"422\" align=\"middle\"><figcaption id=\"caption-attachment-2582\" class=\"wp-caption-text\">cinqui\u00e8me jour dans l&rsquo;amont du fossile<\/figcaption><\/figure>\n","protected":false},"excerpt":{"rendered":"<p>Les s\u00e9jours \u00e0 la Pierre Saint Martin se font essentiellement en ao\u00fbt, mais aussi fin septembre et fin octobre. Pour ce s\u00e9jour de septembre, nous \u00e9tions d\u2019abord trois puis cinq. [&hellip;]<\/p>\n","protected":false},"author":8,"featured_media":2577,"comment_status":"closed","ping_status":"open","sticky":false,"template":"","format":"standard","meta":{"footnotes":""},"categories":[3],"tags":[],"class_list":["post-2583","post","type-post","status-publish","format-standard","has-post-thumbnail","hentry","category-sorties-realisees"],"_links":{"self":[{"href":"https:\/\/speleoclub-gap.fr\/index.php?rest_route=\/wp\/v2\/posts\/2583","targetHints":{"allow":["GET"]}}],"collection":[{"href":"https:\/\/speleoclub-gap.fr\/index.php?rest_route=\/wp\/v2\/posts"}],"about":[{"href":"https:\/\/speleoclub-gap.fr\/index.php?rest_route=\/wp\/v2\/types\/post"}],"author":[{"embeddable":true,"href":"https:\/\/speleoclub-gap.fr\/index.php?rest_route=\/wp\/v2\/users\/8"}],"replies":[{"embeddable":true,"href":"https:\/\/speleoclub-gap.fr\/index.php?rest_route=%2Fwp%2Fv2%2Fcomments&post=2583"}],"version-history":[{"count":1,"href":"https:\/\/speleoclub-gap.fr\/index.php?rest_route=\/wp\/v2\/posts\/2583\/revisions"}],"predecessor-version":[{"id":9760,"href":"https:\/\/speleoclub-gap.fr\/index.php?rest_route=\/wp\/v2\/posts\/2583\/revisions\/9760"}],"wp:featuredmedia":[{"embeddable":true,"href":"https:\/\/speleoclub-gap.fr\/index.php?rest_route=\/"}],"wp:attachment":[{"href":"https:\/\/speleoclub-gap.fr\/index.php?rest_route=%2Fwp%2Fv2%2Fmedia&parent=2583"}],"wp:term":[{"taxonomy":"category","embeddable":true,"href":"https:\/\/speleoclub-gap.fr\/index.php?rest_route=%2Fwp%2Fv2%2Fcategories&post=2583"},{"taxonomy":"post_tag","embeddable":true,"href":"https:\/\/speleoclub-gap.fr\/index.php?rest_route=%2Fwp%2Fv2%2Ftags&post=2583"}],"curies":[{"name":"wp","href":"https:\/\/api.w.org\/{rel}","templated":true}]}}