{"id":231,"date":"2011-04-04T21:37:58","date_gmt":"2011-04-04T19:37:58","guid":{"rendered":"http:\/\/wordpress.localhost\/2011\/04\/04\/combe-des-buissons-suite-et-fin\/"},"modified":"2022-03-31T09:40:12","modified_gmt":"2022-03-31T07:40:12","slug":"combe-des-buissons-suite-et-fin","status":"publish","type":"post","link":"https:\/\/speleoclub-gap.fr\/?p=231","title":{"rendered":"Combe des Buissons : suite et fin"},"content":{"rendered":"\n<p>Dimanche 3 avril 2011<\/p>\n\n\n\n<p><strong>objectif<\/strong> : aller au fond \u00e9quiper les derniers rappels, pour une \u00e9quipe de pointe (Philippe, Fran\u00e7ois, Christophe) et se contenter de beaucoup moins pour les autres (\u00c9lodie, Marc).<\/p>\n\n\n\n<!--more-->\n\n\n\n<p><strong>RDV gap = 6h30<\/strong>, temp\u00e9ratures douces et belle journ\u00e9e en perspective.<br>La piste d&rsquo;acc\u00e8s est bouch\u00e9e par une plaque de neige dans le retour plein ubac (avant le parking final). On finit donc \u00e0 pieds. Pas n\u00e9cessaire de prendre les raquettes, il ne reste que quelques plaques de neige facilement contournables.<\/p>\n\n\n\n<div class=\"wp-block-image\"><figure class=\"aligncenter\"><img decoding=\"async\" src=\"http:\/\/wordpress.localhost\/wp-content\/uploads\/2011\/04\/jpg_IMG_1827m.jpg\" alt=\"IMG_1827m.jpg\" class=\"wp-image-228\"\/><\/figure><\/div>\n\n\n\n<p>Entr\u00e9e dans le trou vers 8h45 pour tout le monde mais la premi\u00e8re \u00e9quipe nous distance instantan\u00e9ment (rien ne sert de courir\u2026).<\/p>\n\n\n\n<h2 class=\"wp-block-heading\">MARC<\/h2>\n\n\n\n<p>Du coup avec \u00c9lodie, nous avons pouss\u00e9 apr\u00e8s la grande salle dans la partie \u00ab&nbsp;pomatoire&nbsp;\u00bb, histoire de se familiariser un peu plus avec les lieux et esp\u00e9rer ne plus s&rsquo;y perdre par la suite !<\/p>\n\n\n\n<p>Nous nous sommes arr\u00eat\u00e9s vers le R6 \u00e0 l&rsquo;amont du puits du Piano volant, aux environs de \u2013 220 m. Retour sans difficult\u00e9s, je commence \u00e0 comprendre les subtilit\u00e9s de ce labyrinthe. Sortie, au soleil, vers 14 heures, pour la premi\u00e8re fourn\u00e9e !<\/p>\n\n\n\n<div class=\"wp-block-image\"><figure class=\"aligncenter\"><img decoding=\"async\" src=\"http:\/\/wordpress.localhost\/wp-content\/uploads\/2011\/04\/jpg_IMG_1828m.jpg\" alt=\"IMG_1828m.jpg\" class=\"wp-image-229\"\/><\/figure><\/div>\n\n\n\n<h2 class=\"wp-block-heading\">PHILIPPE<\/h2>\n\n\n\n<p>La descente est maintenant une classique. Nous partons l\u00e9gers car le mat\u00e9riel est \u00e0 r\u00e9cup\u00e9rer tout au long de la descente. J&rsquo;ai seulement pris un accu et des forets pour une \u00e9ventuelle d\u00e9sobstruction. En trois heures, nous arrivons au d\u00e9part au d\u00e9part du \u00ab\u00a0boyau de survie\u00a0\u00bb, le bien nomm\u00e9. En 1997, avec mon ami Jean-Yves, nous nous \u00e9tions arr\u00eat\u00e9s l\u00e0 faute de ne pouvoir passer une \u00e9troiture dans les premiers m\u00e8tres de ce boyau. Cette fois-ci, une s\u00e9ance pr\u00e9c\u00e9dente, nous avions mis au gabarit ce passage d\u00e9sobligeant.<\/p>\n\n\n\n<p>Malheureusement, la suite n&rsquo;est pas d&rsquo;un grand confort. Couch\u00e9s dans une gadoue collante, nous peinons pour \u00e9viter \u00e0 nos sacs de se coincer tous les centim\u00e8tres dans les sifflets ou contre les rognons. Pour ces derniers, j&rsquo;avance en t\u00eate avec la massette \u00e0 la main pour faire du m\u00e9nage. Je n&rsquo;ai pas donn\u00e9 dix coups que la massette neuve s&rsquo;\u00e9chappe en me laissant le manche dans la main. Il y a du rel\u00e2chement \u00e0 la production&#8230; Je regrette vraiment de m&rsquo;\u00eatre engag\u00e9 la dedans avec un kit plein de mat\u00e9riel de d\u00e9sobstruction sans conna\u00eetre les subtilit\u00e9s de ce boyau. Pourtant, nous ne sommes pas au bout de nos peines.<\/p>\n\n\n\n<p>Enfin, le puits de 7 m\u00e8tres qui devrait marquer la moiti\u00e9 du boyau de survie. Le d\u00e9part est plein vide \u00e0 la sortie d&rsquo;un beau laminoir. Le retour va \u00eatre une partie de plaisir. En bas du puits, il nous faut escalader en face dans une haute diaclase pour retrouver une galerie p\u00e9n\u00e9trable. Mais c&rsquo;est de courte dur\u00e9e. La suite est un m\u00e9andre tr\u00e8s \u00e9troit, \u00e0 mi-hauteur, argileux et virage. L&rsquo;argile et notre poids nous fait nous coincer dans le pincement. Aucune prise pour se relever. La progression se compte en centim\u00e8tres, en millim\u00e8tres. STOP, c&rsquo;en est trop. Nous sommes trop charg\u00e9s et pas assez entra\u00een\u00e9s pour poursuivre une exploration si physique. Nous admirons le travail r\u00e9alis\u00e9 par les explorateurs et constatons que dans cette partie du r\u00e9seau, les traces sont peu nombreuses. A se demander si d&rsquo;autres sont depuis pass\u00e9s ?<\/p>\n\n\n\n<p>Nous d\u00e9cidons d&rsquo;abandonner ce projet trop ambitieux pour notre \u00e9quipe. Il nous faudra trouver une entr\u00e9e plus proche afin de raccourcir l&rsquo;acc\u00e8s et arriver sur la zone plus frais. En attendant, nous remontons charg\u00e9 de tout le mat\u00e9riel du fond : perfo, cordes, amarrages&#8230; Une partie de ce mat\u00e9riel sera laiss\u00e9 \u00e0 la jonction de -350m soit \u00e0 peu pr\u00eat \u00e0 la moiti\u00e9 du r\u00e9seau. La remont\u00e9e fut beaucoup plus calme puisqu&rsquo;il nous mettrons le double de temps pour sortir. Et celui qui me dira le lendemain qu&rsquo;il n&rsquo;a pas mal partout est un menteur&#8230;<\/p>\n\n\n\n<div class=\"wp-block-image\"><figure class=\"aligncenter\"><img decoding=\"async\" src=\"http:\/\/wordpress.localhost\/wp-content\/uploads\/2011\/04\/jpg_IMG_1833m.jpg\" alt=\"IMG_1833m.jpg\" class=\"wp-image-230\"\/><\/figure><\/div>\n","protected":false},"excerpt":{"rendered":"<p>Dimanche 3 avril 2011 objectif : aller au fond \u00e9quiper les derniers rappels, pour une \u00e9quipe de pointe (Philippe, Fran\u00e7ois, Christophe) et se contenter de beaucoup moins pour les autres [&hellip;]<\/p>\n","protected":false},"author":2,"featured_media":228,"comment_status":"closed","ping_status":"open","sticky":false,"template":"","format":"standard","meta":{"footnotes":""},"categories":[3],"tags":[],"class_list":["post-231","post","type-post","status-publish","format-standard","has-post-thumbnail","hentry","category-sorties-realisees"],"_links":{"self":[{"href":"https:\/\/speleoclub-gap.fr\/index.php?rest_route=\/wp\/v2\/posts\/231","targetHints":{"allow":["GET"]}}],"collection":[{"href":"https:\/\/speleoclub-gap.fr\/index.php?rest_route=\/wp\/v2\/posts"}],"about":[{"href":"https:\/\/speleoclub-gap.fr\/index.php?rest_route=\/wp\/v2\/types\/post"}],"author":[{"embeddable":true,"href":"https:\/\/speleoclub-gap.fr\/index.php?rest_route=\/wp\/v2\/users\/2"}],"replies":[{"embeddable":true,"href":"https:\/\/speleoclub-gap.fr\/index.php?rest_route=%2Fwp%2Fv2%2Fcomments&post=231"}],"version-history":[{"count":1,"href":"https:\/\/speleoclub-gap.fr\/index.php?rest_route=\/wp\/v2\/posts\/231\/revisions"}],"predecessor-version":[{"id":9943,"href":"https:\/\/speleoclub-gap.fr\/index.php?rest_route=\/wp\/v2\/posts\/231\/revisions\/9943"}],"wp:featuredmedia":[{"embeddable":true,"href":"https:\/\/speleoclub-gap.fr\/index.php?rest_route=\/"}],"wp:attachment":[{"href":"https:\/\/speleoclub-gap.fr\/index.php?rest_route=%2Fwp%2Fv2%2Fmedia&parent=231"}],"wp:term":[{"taxonomy":"category","embeddable":true,"href":"https:\/\/speleoclub-gap.fr\/index.php?rest_route=%2Fwp%2Fv2%2Fcategories&post=231"},{"taxonomy":"post_tag","embeddable":true,"href":"https:\/\/speleoclub-gap.fr\/index.php?rest_route=%2Fwp%2Fv2%2Ftags&post=231"}],"curies":[{"name":"wp","href":"https:\/\/api.w.org\/{rel}","templated":true}]}}