{"id":2272,"date":"2016-08-28T10:27:02","date_gmt":"2016-08-28T08:27:02","guid":{"rendered":"http:\/\/wordpress.localhost\/2016\/08\/28\/chourum-du-fruits\/"},"modified":"2016-08-28T10:27:02","modified_gmt":"2016-08-28T08:27:02","slug":"chourum-du-fruits","status":"publish","type":"post","link":"https:\/\/speleoclub-gap.fr\/?p=2272","title":{"rendered":"Chourum du Fruits"},"content":{"rendered":"<p class=\"post_excerpt\">Personnes pr\u00e9sentes : Philippe, Eric (le grand retour), Maria, Jonathan, Flavien (initiation), Marc, Fran\u00e7ois jusqu&rsquo;\u00e0 l&rsquo;entr\u00e9e pour le soutien moral des troupes&#8230;<\/p>\n<p><!--more--><\/p>\n<h2>21 ao\u00fbt 2016<\/h2>\n<p>Philippe, toujours plein de bonnes id\u00e9es, nous propose d&rsquo;aller fouiner dans le chourum des Fruits (D\u00e9voluy). C&rsquo;est l&rsquo;\u00e9t\u00e9, tout le monde est motiv\u00e9, \u00e7a tombe bien, du coup Jonathan et Maria invite un de leurs copains, en initiation. Le lieu est magnifique, juste en face des Gnocchis, au dessus d&rsquo;une pente herbeuse un peu raide.<\/p>\n<p>Profil annonc\u00e9 : plut\u00f4t \u00e9troit et quelques puits que nous envisageons de rejoindre. C&rsquo;est une d\u00e9couverte surprenante, o\u00f9 on se froisse les genoux, les cotes bien s\u00fbr&#8230; et finalement tout le reste ! On peut ais\u00e9ment donner une note entre 16 (13 et 3)  et 29 (13, 13 et 3).<\/p>\n<figure id=\"attachment_2269\" aria-describedby=\"caption-attachment-2269\" style=\"width: 750px\" class=\"wp-caption aligncenter\"><img loading=\"lazy\" decoding=\"async\" class=\" aligncenter size-full wp-image-2269\" src=\"http:\/\/wordpress.localhost\/wp-content\/uploads\/2016\/08\/jpg_IMG_3688.jpg\" alt=\"L'\u00e9quipe du jour (photos: Fran\u00e7ois Parrini)\" title=\"L'\u00e9quipe du jour (photos: Fran\u00e7ois Parrini)\" class=\"caption\" align=\"center\" width=\"750\" height=\"421\" \/><figcaption id=\"caption-attachment-2269\" class=\"wp-caption-text\">L&rsquo;\u00e9quipe du jour (photos: Fran\u00e7ois Parrini)<\/figcaption><\/figure>\n<p>Notre progression n&rsquo;est pas trop rapide (on profite des lieux) du coup on s&rsquo;arr\u00eate au dessus du premier ressaut. Philippe, Eric et Maria commence \u00e0 entamer la remont\u00e9e&#8230; mais ce serait ballot de s&rsquo;arr\u00eater l\u00e0 et d&rsquo;avoir trimballer le baudrier sans faire un peu de corde ! Donc \u00e0 la demande insistante de Jonathan et Flavien, on se fait le premier ressaut. Flavien peut donc d\u00e9couvrir la joie du descendeur et dans la foul\u00e9e, de la poign\u00e9e et du croll pour la remont\u00e9e. Mais on s&rsquo;arr\u00eate l\u00e0, faut pas abuser des bonnes choses.<\/p>\n<p>Au retour, entre deux ou plut\u00f4t entre d&rsquo;innombrables jurons (je vous dis que \u00e7a coince vraiment \u00e0 certains passages), on se permet tout de m\u00eame d&rsquo;aller explorer une galerie adjacente pendant un petit moment, mais ce n&rsquo;\u00e9tait pas la bonne !!!<\/p>\n<figure id=\"attachment_2270\" aria-describedby=\"caption-attachment-2270\" style=\"width: 750px\" class=\"wp-caption aligncenter\"><img loading=\"lazy\" decoding=\"async\" class=\" aligncenter size-full wp-image-2270\" src=\"http:\/\/wordpress.localhost\/wp-content\/uploads\/2016\/08\/jpg_im1.jpg\" alt=\"S\u00e9ance d'habillage des artistes sur fond de Roche Courbe et Col Charnier\" title=\"S\u00e9ance d'habillage des artistes sur fond de Roche Courbe et Col Charnier\" class=\"caption\" align=\"center\" width=\"750\" height=\"421\" \/><figcaption id=\"caption-attachment-2270\" class=\"wp-caption-text\">S\u00e9ance d&rsquo;habillage des artistes sur fond de Roche Courbe et Col Charnier<\/figcaption><\/figure>\n<p>Du coup sortie de notre \u00e9troiture apr\u00e8s sept heures dans les entrailles de la terre (quand on aime on ne compte pas). Dehors il y a un vent \u00e0 d\u00e9corner les b\u0153ufs, le trio de t\u00eate se p\u00e8le depuis plus d&rsquo;une heure (sisi) et d\u00e9cide de repartir vers les voitures. Nous nous d\u00e9plions \/ \u00e9tirons rapidement histoire de retrouver une forme humaine et nous rejoignons rapidement nos comp\u00e8res en bas du vallon Charnier. Pour une initiation, Flavien a \u00e9t\u00e9 quelque peu surpris mais il s&rsquo;en est bien sorti, c&rsquo;est un costaud !<\/p>\n<figure id=\"attachment_2271\" aria-describedby=\"caption-attachment-2271\" style=\"width: 422px\" class=\"wp-caption aligncenter\"><img loading=\"lazy\" decoding=\"async\" class=\" aligncenter size-full wp-image-2271\" src=\"http:\/\/wordpress.localhost\/wp-content\/uploads\/2016\/08\/jpg_im2.jpg\" alt=\"Maria... qui ne se doutait pas de ce qu'elle allait d\u00e9couvrir !\" title=\"Maria... qui ne se doutait pas de ce qu'elle allait d\u00e9couvrir !\" class=\"caption\" align=\"center\" width=\"422\" height=\"750\" \/><figcaption id=\"caption-attachment-2271\" class=\"wp-caption-text\">Maria&#8230; qui ne se doutait pas de ce qu&rsquo;elle allait d\u00e9couvrir !<\/figcaption><\/figure>\n","protected":false},"excerpt":{"rendered":"<p>Personnes pr\u00e9sentes : Philippe, Eric (le grand retour), Maria, Jonathan, Flavien (initiation), Marc, Fran\u00e7ois jusqu&rsquo;\u00e0 l&rsquo;entr\u00e9e pour le soutien moral des troupes&#8230;<\/p>\n","protected":false},"author":2,"featured_media":2268,"comment_status":"closed","ping_status":"open","sticky":false,"template":"","format":"standard","meta":{"footnotes":""},"categories":[3],"tags":[],"class_list":["post-2272","post","type-post","status-publish","format-standard","has-post-thumbnail","hentry","category-sorties-realisees"],"_links":{"self":[{"href":"https:\/\/speleoclub-gap.fr\/index.php?rest_route=\/wp\/v2\/posts\/2272","targetHints":{"allow":["GET"]}}],"collection":[{"href":"https:\/\/speleoclub-gap.fr\/index.php?rest_route=\/wp\/v2\/posts"}],"about":[{"href":"https:\/\/speleoclub-gap.fr\/index.php?rest_route=\/wp\/v2\/types\/post"}],"author":[{"embeddable":true,"href":"https:\/\/speleoclub-gap.fr\/index.php?rest_route=\/wp\/v2\/users\/2"}],"replies":[{"embeddable":true,"href":"https:\/\/speleoclub-gap.fr\/index.php?rest_route=%2Fwp%2Fv2%2Fcomments&post=2272"}],"version-history":[{"count":0,"href":"https:\/\/speleoclub-gap.fr\/index.php?rest_route=\/wp\/v2\/posts\/2272\/revisions"}],"wp:featuredmedia":[{"embeddable":true,"href":"https:\/\/speleoclub-gap.fr\/index.php?rest_route=\/"}],"wp:attachment":[{"href":"https:\/\/speleoclub-gap.fr\/index.php?rest_route=%2Fwp%2Fv2%2Fmedia&parent=2272"}],"wp:term":[{"taxonomy":"category","embeddable":true,"href":"https:\/\/speleoclub-gap.fr\/index.php?rest_route=%2Fwp%2Fv2%2Fcategories&post=2272"},{"taxonomy":"post_tag","embeddable":true,"href":"https:\/\/speleoclub-gap.fr\/index.php?rest_route=%2Fwp%2Fv2%2Ftags&post=2272"}],"curies":[{"name":"wp","href":"https:\/\/api.w.org\/{rel}","templated":true}]}}