{"id":2267,"date":"2016-08-26T22:43:29","date_gmt":"2016-08-26T20:43:29","guid":{"rendered":"http:\/\/wordpress.localhost\/2016\/08\/26\/camp-dete-a-la-pierre-saint-martin\/"},"modified":"2021-12-30T21:01:12","modified_gmt":"2021-12-30T20:01:12","slug":"camp-dete-a-la-pierre-saint-martin","status":"publish","type":"post","link":"https:\/\/speleoclub-gap.fr\/?p=2267","title":{"rendered":"Camp d&rsquo;\u00e9t\u00e9 a La Pierre Saint Martin"},"content":{"rendered":"<p class=\"post_excerpt\">Participant : Fran\u00e7ois<\/p>\n<p><!--more--><br \/>\nCette ann\u00e9e encore, une soixantaine de sp\u00e9l\u00e9o de tout horizons s&rsquo;est retrouv\u00e9 dans les Pyr\u00e9n\u00e9es Atlantiques, sur le lapiaz de la PSM pour le c\u00f4t\u00e9 fran\u00e7ais, et d&rsquo;Annialara pour le c\u00f4t\u00e9 espagnol.<\/p>\n<p><img loading=\"lazy\" decoding=\"async\" class=\" aligncenter size-full wp-image-2264\" src=\"http:\/\/wordpress.localhost\/wp-content\/uploads\/2016\/08\/jpg_Sceance_topo_au_puit_de_la_jonction.jpg\" alt=\"Sceance_topo_au_puit_de_la_jonction.jpg\" width=\"750\" height=\"421\" align=\"middle\"><\/p>\n<p>Notre \u00e9quipe, multinationale, compos\u00e9e de fran\u00e7ais, d&rsquo;espagnols, d&rsquo;un japonais \u00e9tait de quatorze sp\u00e9l\u00e9o dans les temps forts. Notre camp toujours bas\u00e9 en Espagne, nous a apport\u00e9 deux semaines ensoleill\u00e9es, ce qui nous a permis d&rsquo;\u00eatre tous les jours dans la montagne \u00e0 la recherche de nouvelles entr\u00e9es. Elles nous permettraient d&rsquo;agrandir le r\u00e9seau d\u00e9couvert il y a quatre ans. En effectuant une prospection syst\u00e9matique, carr\u00e9 par carr\u00e9, nous avons trouv\u00e9 cinq nouvelles entr\u00e9es. De trois d&rsquo;entre elles, sort un fort courant d&rsquo;air, qui nous a motiv\u00e9 pour y passer plusieurs jours \u00e0 creuser pour suivre ce courant d&rsquo;air. C&rsquo;est un boulot d&rsquo;\u00e9quipe et de longue haleine. Les profondeurs atteintes sont de -4m, -6m et il faudra revenir pour continuer. La nouvelle entr\u00e9e : AN308, qui a jonctionn\u00e9e l&rsquo;automne 2015 avec le r\u00e9seau, nous a permis de r\u00e9duire la marche d&rsquo;approche, ainsi que le temps de remont\u00e9e en \u00e9vitant la balade de la Rivi\u00e8re Perch\u00e9e.<\/p>\n<p><img loading=\"lazy\" decoding=\"async\" class=\" aligncenter size-full wp-image-2265\" src=\"http:\/\/wordpress.localhost\/wp-content\/uploads\/2016\/08\/jpg_AN_308.jpg\" alt=\"AN_308.jpg\" width=\"750\" height=\"421\" align=\"middle\"><\/p>\n<p>Dans les grandes salles, notamment dans Tamalou, (nomm\u00e9e ainsi en souvenir de douleurs ressenties par certains d&rsquo;entre nous), les escalades ont motiv\u00e9 l&rsquo;\u00e9quipe presque tous les jours. Elles se sont termin\u00e9es sur des pincements s\u00e9v\u00e8res. Chacune dans leur coin, les d\u00e9couvertes sont petites, mais mises sur une topographie, elles sont motivantes car bien situ\u00e9es. Cette ann\u00e9es fut marqu\u00e9es par les soixante ans de l&rsquo;ARSIP et la mairie d&rsquo;Arette \u00e0 marqu\u00e9 l&rsquo;\u00e9v\u00e9nement en r\u00e9unissant les sp\u00e9l\u00e9os autour d&rsquo;un bon repas.<\/p>\n<p>Et l&rsquo;aventure continuera, d&rsquo;abord en septembre puis en octobre.<\/p>\n<p><img loading=\"lazy\" decoding=\"async\" class=\" aligncenter size-full wp-image-2266\" src=\"http:\/\/wordpress.localhost\/wp-content\/uploads\/2016\/08\/jpg_Le_Lapiaz.jpg\" alt=\"Le_Lapiaz.jpg\" width=\"422\" height=\"750\" align=\"middle\"><\/p>\n","protected":false},"excerpt":{"rendered":"<p>Participant : Fran\u00e7ois<\/p>\n","protected":false},"author":8,"featured_media":2263,"comment_status":"closed","ping_status":"open","sticky":false,"template":"","format":"standard","meta":{"footnotes":""},"categories":[3],"tags":[],"class_list":["post-2267","post","type-post","status-publish","format-standard","has-post-thumbnail","hentry","category-sorties-realisees"],"_links":{"self":[{"href":"https:\/\/speleoclub-gap.fr\/index.php?rest_route=\/wp\/v2\/posts\/2267","targetHints":{"allow":["GET"]}}],"collection":[{"href":"https:\/\/speleoclub-gap.fr\/index.php?rest_route=\/wp\/v2\/posts"}],"about":[{"href":"https:\/\/speleoclub-gap.fr\/index.php?rest_route=\/wp\/v2\/types\/post"}],"author":[{"embeddable":true,"href":"https:\/\/speleoclub-gap.fr\/index.php?rest_route=\/wp\/v2\/users\/8"}],"replies":[{"embeddable":true,"href":"https:\/\/speleoclub-gap.fr\/index.php?rest_route=%2Fwp%2Fv2%2Fcomments&post=2267"}],"version-history":[{"count":1,"href":"https:\/\/speleoclub-gap.fr\/index.php?rest_route=\/wp\/v2\/posts\/2267\/revisions"}],"predecessor-version":[{"id":9761,"href":"https:\/\/speleoclub-gap.fr\/index.php?rest_route=\/wp\/v2\/posts\/2267\/revisions\/9761"}],"wp:featuredmedia":[{"embeddable":true,"href":"https:\/\/speleoclub-gap.fr\/index.php?rest_route=\/"}],"wp:attachment":[{"href":"https:\/\/speleoclub-gap.fr\/index.php?rest_route=%2Fwp%2Fv2%2Fmedia&parent=2267"}],"wp:term":[{"taxonomy":"category","embeddable":true,"href":"https:\/\/speleoclub-gap.fr\/index.php?rest_route=%2Fwp%2Fv2%2Fcategories&post=2267"},{"taxonomy":"post_tag","embeddable":true,"href":"https:\/\/speleoclub-gap.fr\/index.php?rest_route=%2Fwp%2Fv2%2Ftags&post=2267"}],"curies":[{"name":"wp","href":"https:\/\/api.w.org\/{rel}","templated":true}]}}