{"id":208,"date":"2011-02-14T21:38:28","date_gmt":"2011-02-14T20:38:28","guid":{"rendered":"http:\/\/wordpress.localhost\/2011\/02\/14\/premiere-plongee-a-la-mescla\/"},"modified":"2022-03-31T09:37:27","modified_gmt":"2022-03-31T07:37:27","slug":"premiere-plongee-a-la-mescla","status":"publish","type":"post","link":"https:\/\/speleoclub-gap.fr\/?p=208","title":{"rendered":"Premi\u00e8re plong\u00e9e \u00e0 la Mescla"},"content":{"rendered":"\n<p>A l&rsquo;invitation de Didier Quartiano, ce samedi 12 f\u00e9vrier, me voici debout aux aurores afin de rejoindre l&rsquo;arri\u00e8re pays ni\u00e7ois. Comme il n&rsquo;y avait pas foule sur les routes \u00e0 6h00 du mat, j&rsquo;arrive sans souci \u00e0 l&rsquo;heure dite pour rejoindre Didou et Denis Dane, un nouveau venu dans l&rsquo;eau noire.<\/p>\n\n\n\n<div class=\"wp-block-image\"><figure class=\"aligncenter\"><img decoding=\"async\" src=\"http:\/\/wordpress.localhost\/wp-content\/uploads\/2011\/02\/jpg_IMG_1671m.jpg\" alt=\"IMG_1671m.jpg\" class=\"wp-image-205\"\/><\/figure><\/div>\n\n\n\n<!--more-->\n\n\n\n<p>Si le portage est p\u00e9nible ce n&rsquo;est certes pas pour sa dur\u00e9e ou sa difficult\u00e9, l&rsquo;entr\u00e9e de la cavit\u00e9 se situant \u00e0 50 m\u00e8tres de la voiture. La Mescla s&rsquo;ouvre \u00e0 4 m\u00e8tres au-dessus de la route Nice \/ Puget-Th\u00e9niers. En cette p\u00e9riode hivernale, la circulation vers les stations de ski devient infernale. Nous transportons rapidement tout le mat\u00e9riel sur l&rsquo;entr\u00e9e en prenant soin de ne rien laisser dans les voitures qui pourrait attirer la convoitise de casseurs de carreaux. Le portage de l&rsquo;entr\u00e9e \u00e0 la vasque du siphon 1 est un peu plus long mais beaucoup plus calme. Les diff\u00e9rentes \u00e9quipes qui se sont succ\u00e9d\u00e9 dans les explorations mythiques ont, peu \u00e0 peu, am\u00e9nag\u00e9 les diff\u00e9rents passages afin de les rendre plus confortables et s\u00fbrs avec de lourdes charges. Ainsi, les quatre va et vient sont presque un plaisir. Seule la place manque au sommet du dernier ressaut pour pouvoir s&rsquo;\u00e9quiper \u00e0 l&rsquo;aise. Ce n&rsquo;est pas le cas de la mise \u00e0 l&rsquo;eau puisqu&rsquo;au pied de l&rsquo;\u00e9chelle la vasque peut accueillir sans probl\u00e8me 5 ou 6 plongeurs sp\u00e9l\u00e9os surcharg\u00e9s.<\/p>\n\n\n\n<div class=\"wp-block-image\"><figure class=\"aligncenter\"><img decoding=\"async\" src=\"http:\/\/wordpress.localhost\/wp-content\/uploads\/2011\/02\/jpg_IMG_1673m.jpg\" alt=\"IMG_1673m.jpg\" class=\"wp-image-206\"\/><\/figure><\/div>\n\n\n\n<p>Notre \u00e9quipe est particuli\u00e8rement h\u00e9t\u00e9roclite. Denis plonge en bi-bouteille 10 litres. Ce n&rsquo;est que sa seconde plong\u00e9e sp\u00e9l\u00e9o. Didou use son EDO04, un semi-ferm\u00e9 qui a fait ses preuves. Pour ma part, je continue \u00e0 faire des heures avec mon bi-CCR Megalodon et EDO08. \u00c9quipement et mise \u00e0 l&rsquo;eau se d\u00e9roulent dans la bonne humeur, comme toujours avec Didou et sa gouaille l\u00e9gendaire. Sous l&rsquo;eau, c&rsquo;est un enchantement. Le S1 est d&rsquo;une limpidit\u00e9 remarquable. Cependant, je sens imm\u00e9diatement que je suis trop l\u00e9ger. Ne connaissant pas la partie noy\u00e9e, je me dis que tout ira mieux un peu plus profond. Mais la zone de d\u00e9part n&rsquo;a rien de profond. Le siphon 1 est rapide et le siphon 2 a une longue partie \u00e0 moins de 10 m\u00e8tres de profondeur avec une sale tendance \u00e0 faire yoyo. A racler un coup le plafond, un coup le sol, je l\u00e8ve un nuage de particules qui met fin \u00e0 ma s\u00e9ance photo. Je rage de n&rsquo;avoir pas pris la petite gueuze que je voulais mettre dans le coffre au dernier moment et que j&rsquo;ai oubli\u00e9e. C&rsquo;est Didou qui se marre bien en me voyant batailler comme un d\u00e9butant.<\/p>\n\n\n\n<p>Cela ne m&#8217;emp\u00eachera pas pour autant de profiter des magnifiques formes de galeries. La roche est sombre, couverte d&rsquo;une pellicule fine et noire. Mais les galeries, \u00e0 chaque virage, changent compl\u00e8tement de physionomie. Si le siphon 1 peut para\u00eetre classique, le second est grandiose. Un d\u00e9part en entonnoir dans les graviers roul\u00e9s fait rapidement place \u00e0 un tube en zigzag o\u00f9 se d\u00e9tache, dans un m\u00e9andre, le bec de signe, un bras rocheux faisant face au courant. S\u2019encha\u00eenent puits, laminoir, \u00e9boulement, tube, faille&#8230; qui me feront rapidement perdre le fil. Impossible aujourd&rsquo;hui de vous en donner l&rsquo;ordre. Que les sp\u00e9cialistes de cette belle source me pardonnent.<\/p>\n\n\n\n<div class=\"wp-block-image\"><figure class=\"aligncenter\"><img decoding=\"async\" src=\"http:\/\/wordpress.localhost\/wp-content\/uploads\/2011\/02\/jpg_IMG_1682m.jpg\" alt=\"IMG_1682m.jpg\" class=\"wp-image-207\"\/><\/figure><\/div>\n\n\n\n<p>Denis fera demi tour dans la zone des 20 m\u00e8tres. En visiteur, je suis Didou qui d\u00e9flore le siphon avec son \u00e9clairage diabolique. Le puits de -30 \u00e0 -45 est fabuleux et nous conduit rapidement au premier point bas \u00e0 -65 m. En rasant la vo\u00fbte, nous n&rsquo;atteignons pas les -60 m. Didou pr\u00e9f\u00e8re \u00e9viter les yoyo et fait demi tour l\u00e0 pour profiter du retour. Je poursuis un peu la remont\u00e9e qui ne semble pas vouloir se terminer. Las, \u00e0 -42 m, je d\u00e9cide de rentrer aussi. J&rsquo;aurai bien pouss\u00e9 pour voir le d\u00e9part de la seconde descente et le laminoir mais je suis l\u00e0 en visite. De plus, cela me laisse juste le go\u00fbt d&rsquo;y revenir plus vite. Je retrouve Didou dans le puits pour faire un retour pouss\u00e9 par le courant.<\/p>\n\n\n\n<p>A la vasque, Denis nous attend pour nous aider \u00e0 extraire le mat\u00e9riel de l&rsquo;eau. Le mat\u00e9riel est rang\u00e9 dans les sacs et nous cassons une petite graine. Le portage retour sera encore plus rapide. A 16h, tout est aux voitures. Il ne me reste plus qu&rsquo;\u00e0 reprendre la route. Mais je reviendrai.<\/p>\n\n\n\n<p>Avertissement : une grille ferme la cavit\u00e9 \u00e0 20 m\u00e8tres de l&rsquo;entr\u00e9e. La cl\u00e9 est \u00e0 demander au CDS06. Pour les non plongeurs, il y a de tr\u00e8s belles balades \u00e0 faire dans le r\u00e9seau sup\u00e9rieur de la grotte. Le d\u00e9part est la premi\u00e8re belle galerie remontante sur la gauche.<\/p>\n","protected":false},"excerpt":{"rendered":"<p>A l&rsquo;invitation de Didier Quartiano, ce samedi 12 f\u00e9vrier, me voici debout aux aurores afin de rejoindre l&rsquo;arri\u00e8re pays ni\u00e7ois. Comme il n&rsquo;y avait pas foule sur les routes \u00e0 [&hellip;]<\/p>\n","protected":false},"author":2,"featured_media":205,"comment_status":"closed","ping_status":"open","sticky":false,"template":"","format":"standard","meta":{"footnotes":""},"categories":[3],"tags":[],"class_list":["post-208","post","type-post","status-publish","format-standard","has-post-thumbnail","hentry","category-sorties-realisees"],"_links":{"self":[{"href":"https:\/\/speleoclub-gap.fr\/index.php?rest_route=\/wp\/v2\/posts\/208","targetHints":{"allow":["GET"]}}],"collection":[{"href":"https:\/\/speleoclub-gap.fr\/index.php?rest_route=\/wp\/v2\/posts"}],"about":[{"href":"https:\/\/speleoclub-gap.fr\/index.php?rest_route=\/wp\/v2\/types\/post"}],"author":[{"embeddable":true,"href":"https:\/\/speleoclub-gap.fr\/index.php?rest_route=\/wp\/v2\/users\/2"}],"replies":[{"embeddable":true,"href":"https:\/\/speleoclub-gap.fr\/index.php?rest_route=%2Fwp%2Fv2%2Fcomments&post=208"}],"version-history":[{"count":4,"href":"https:\/\/speleoclub-gap.fr\/index.php?rest_route=\/wp\/v2\/posts\/208\/revisions"}],"predecessor-version":[{"id":9938,"href":"https:\/\/speleoclub-gap.fr\/index.php?rest_route=\/wp\/v2\/posts\/208\/revisions\/9938"}],"wp:featuredmedia":[{"embeddable":true,"href":"https:\/\/speleoclub-gap.fr\/index.php?rest_route=\/"}],"wp:attachment":[{"href":"https:\/\/speleoclub-gap.fr\/index.php?rest_route=%2Fwp%2Fv2%2Fmedia&parent=208"}],"wp:term":[{"taxonomy":"category","embeddable":true,"href":"https:\/\/speleoclub-gap.fr\/index.php?rest_route=%2Fwp%2Fv2%2Fcategories&post=208"},{"taxonomy":"post_tag","embeddable":true,"href":"https:\/\/speleoclub-gap.fr\/index.php?rest_route=%2Fwp%2Fv2%2Ftags&post=208"}],"curies":[{"name":"wp","href":"https:\/\/api.w.org\/{rel}","templated":true}]}}