{"id":1953,"date":"2015-09-20T21:36:00","date_gmt":"2015-09-20T19:36:00","guid":{"rendered":"http:\/\/wordpress.localhost\/2015\/09\/20\/les-fruits-un-melange-de-framboise-et-de-pasteque\/"},"modified":"2015-09-20T21:36:00","modified_gmt":"2015-09-20T19:36:00","slug":"les-fruits-un-melange-de-framboise-et-de-pasteque","status":"publish","type":"post","link":"https:\/\/speleoclub-gap.fr\/?p=1953","title":{"rendered":"Les fruits : un m\u00e9lange de framboise et de past\u00e8que."},"content":{"rendered":"<p class=\"post_excerpt\">Participants : Fran\u00e7ois et Philippe<\/p>\n<p><!--more--><\/p>\n<h2>dimanche 30 ao\u00fbt<\/h2>\n<p>Fran\u00e7ois ne conna\u00eet pas la cavit\u00e9 et, depuis des ann\u00e9es, j&rsquo;esp\u00e8re pouvoir mettre un masque dans ce qui ressemble \u00e0 un siphon terminal. L&rsquo;objectif du chourum des Fruits tient \u00e0 \u00e7a.<\/p>\n<p>Apr\u00e8s avoir remont\u00e9 le vallon des Adroits jusqu&rsquo;au d\u00e9part de celui du Charnier, nous bifurquons sur notre droite pour grimper un \u00e9boulis instable et d\u00e9sagr\u00e9able lorsque la cl\u00e9 de portage est bien lourde. Cependant, en quarante-cinq minutes, nous sommes devant la modeste entr\u00e9e. Un courant d&rsquo;air bien frais nous accueille. Le temps de nous changer et de d\u00e9vorer notre casse cro\u00fbte, nous voici dans les m\u00e9andres \u00e9troits de la cavit\u00e9. La premi\u00e8re partie monte et descend dans un d\u00e9dale de passages \u00e9troits. Puis, nous d\u00e9couvrons \u00e0 cinquante m\u00e8tres de l&rsquo;entr\u00e9e un petit actif dont le lit est couleur fuchsia. <\/p>\n<p><img loading=\"lazy\" decoding=\"async\" class=\" aligncenter size-full wp-image-1951\" src=\"http:\/\/wordpress.localhost\/wp-content\/uploads\/2015\/09\/jpg_DSCN2857m.jpg\" alt=\"DSCN2857m.jpg\" align=\"center\" width=\"750\" height=\"562\" \/><\/p>\n<p>Apr\u00e8s la surprise, nous nous souvenons que le chourum des Fruits a fait partie des trois cavit\u00e9s s\u00e9lectionn\u00e9es pour une campagne de tra\u00e7age au mois de juin. Nous n&rsquo;imaginions pas que le colorant soit aussi tenace apr\u00e8s trois mois et quelques beaux orages. Au contraire, nous distinguons des reflets fuchsia jusqu&rsquo;\u00e0 un m\u00e8tre de haut dans certains passages. Apr\u00e8s le tra\u00e7age, les crues ont encore transport\u00e9 du colorant. Avec cette couleur, nous ne risquons pas de nous perdre puisque jusqu&rsquo;au fond, nous devrons suivre l&rsquo;actif. Nous mettrons deux heures pour atteindre le fond qui n&rsquo;est qu&rsquo;\u00e0 -143 m\u00e8tres. La premi\u00e8re moiti\u00e9 de la cavit\u00e9 est une succession de passages \u00e9troits dont certains tr\u00e8s s\u00e9lectifs. Transporter des sacs de cordes dans ces conditions est particuli\u00e8rement d\u00e9sagr\u00e9able.<\/p>\n<p><img loading=\"lazy\" decoding=\"async\" class=\" aligncenter size-full wp-image-1952\" src=\"http:\/\/wordpress.localhost\/wp-content\/uploads\/2015\/09\/jpg_DSCN2872m.jpg\" alt=\"DSCN2872m.jpg\" align=\"center\" width=\"750\" height=\"562\" \/><\/p>\n<p>Au siphon, il s&rsquo;av\u00e8re qu&rsquo;il ne s&rsquo;agit que d&rsquo;une vo\u00fbte mouillante. Je m&rsquo;\u00e9quipe tout de m\u00eame d&rsquo;une combinaison et d&rsquo;un masque pour aller voir plus loin. Les sp\u00e9l\u00e9os ard\u00e9chois, inventeurs de la cavit\u00e9, ont ouvert un passage tr\u00e8s \u00e9troit, il y a quelques ann\u00e9es, qui permet de franchir ce lac. L&rsquo;eau est glaciale. Je sors de l&rsquo;eau tout en restant \u00e0 quatre pattes. Quelques m\u00e8tres apr\u00e8s, une nouvelle flaque me contraint \u00e0 retourner \u00e0 l&rsquo;eau. Pas plus longue que la premi\u00e8re, elle ressort sur une tr\u00e9mie remontante. Le courant d&rsquo;air est bien perceptible mais d\u00e9gager cette tr\u00e9mie repr\u00e9sente un travail consid\u00e9rable et tr\u00e8s ingrat. Le fond de cette seconde \u00e9tendue d&rsquo;eau me para\u00eet bien profonde sur le c\u00f4t\u00e9 droit. Je plonge la t\u00eate pour d\u00e9couvrir que la galerie se poursuit \u00e0 la verticale sur le c\u00f4t\u00e9 droit sur trois m\u00e8tres de profondeur. Ensuite, le siphon se poursuit \u00e0 l&rsquo;horizontale par une \u00e9troiture dans la faille. Rien de tr\u00e8s engageant. Ce sera pour les g\u00e9n\u00e9rations futures&#8230;<\/p>\n","protected":false},"excerpt":{"rendered":"<p>Participants : Fran\u00e7ois et Philippe<\/p>\n","protected":false},"author":2,"featured_media":1950,"comment_status":"closed","ping_status":"open","sticky":false,"template":"","format":"standard","meta":{"footnotes":""},"categories":[3],"tags":[],"class_list":["post-1953","post","type-post","status-publish","format-standard","has-post-thumbnail","hentry","category-sorties-realisees"],"_links":{"self":[{"href":"https:\/\/speleoclub-gap.fr\/index.php?rest_route=\/wp\/v2\/posts\/1953","targetHints":{"allow":["GET"]}}],"collection":[{"href":"https:\/\/speleoclub-gap.fr\/index.php?rest_route=\/wp\/v2\/posts"}],"about":[{"href":"https:\/\/speleoclub-gap.fr\/index.php?rest_route=\/wp\/v2\/types\/post"}],"author":[{"embeddable":true,"href":"https:\/\/speleoclub-gap.fr\/index.php?rest_route=\/wp\/v2\/users\/2"}],"replies":[{"embeddable":true,"href":"https:\/\/speleoclub-gap.fr\/index.php?rest_route=%2Fwp%2Fv2%2Fcomments&post=1953"}],"version-history":[{"count":0,"href":"https:\/\/speleoclub-gap.fr\/index.php?rest_route=\/wp\/v2\/posts\/1953\/revisions"}],"wp:featuredmedia":[{"embeddable":true,"href":"https:\/\/speleoclub-gap.fr\/index.php?rest_route=\/"}],"wp:attachment":[{"href":"https:\/\/speleoclub-gap.fr\/index.php?rest_route=%2Fwp%2Fv2%2Fmedia&parent=1953"}],"wp:term":[{"taxonomy":"category","embeddable":true,"href":"https:\/\/speleoclub-gap.fr\/index.php?rest_route=%2Fwp%2Fv2%2Fcategories&post=1953"},{"taxonomy":"post_tag","embeddable":true,"href":"https:\/\/speleoclub-gap.fr\/index.php?rest_route=%2Fwp%2Fv2%2Ftags&post=1953"}],"curies":[{"name":"wp","href":"https:\/\/api.w.org\/{rel}","templated":true}]}}