{"id":1802,"date":"2015-05-26T22:43:42","date_gmt":"2015-05-26T20:43:42","guid":{"rendered":"http:\/\/wordpress.localhost\/2015\/05\/26\/congres-speleo-de-saint-vallier-en-famille\/"},"modified":"2015-05-26T22:43:42","modified_gmt":"2015-05-26T20:43:42","slug":"congres-speleo-de-saint-vallier-en-famille","status":"publish","type":"post","link":"https:\/\/speleoclub-gap.fr\/?p=1802","title":{"rendered":"Congr\u00e8s sp\u00e9l\u00e9o de Saint Vallier en famille"},"content":{"rendered":"<p class=\"post_excerpt\">Week-end de trois jours id\u00e9al pour se d\u00e9placer en famille dans les Alpes Maritimes pour faire un peu de sp\u00e9l\u00e9o les 23-24-25 mai 2015 !<\/p>\n<p><!--more--><br \/>\nParticipants : L\u00e9ana, Melville, Anth\u00e9a, Lucie, Titouan, William, Estelle, Alexandre, Johanna, Eric, Christophe, Fran\u00e7ois, Jam, Philippe, C\u00e9line. <\/p>\n<p>Sur 15 participants du CDS 05, trois familles se sont retrouv\u00e9s au Congr\u00e8s de Saint Vallier. Programme en douceur sur les trois jours !<\/p>\n<figure id=\"attachment_1792\" aria-describedby=\"caption-attachment-1792\" style=\"width: 600px\" class=\"wp-caption aligncenter\"><img loading=\"lazy\" decoding=\"async\" class=\" aligncenter size-full wp-image-1792\" src=\"http:\/\/wordpress.localhost\/wp-content\/uploads\/2015\/05\/jpg_parcous_speleo_palettes.jpg\" alt=\"parcours sp\u00e9l\u00e9o palettes\" title=\"parcours sp\u00e9l\u00e9o palettes\" class=\"caption\" align=\"center\" width=\"600\" height=\"450\" \/><figcaption id=\"caption-attachment-1792\" class=\"wp-caption-text\">parcours sp\u00e9l\u00e9o palettes<\/figcaption><\/figure>\n<p>D&rsquo;abord, le samedi, rep\u00e9rez les lieux pour dormir, manger et discuter. Les enfants en profiteront pour s\u2019entra\u00eener aux techniques sp\u00e9l\u00e9o de pointe dans le parcours palettes, quelque soit l&rsquo;\u00e2ge. Dans l&rsquo;apr\u00e8s-midi, ils peaufineront les techniques de progression sur corde verticale&#8230; Moins faciles, mais il y a aussi moins d&rsquo;adultes pour les encadrer avec s\u00e9rieux et rigueur ! D&rsquo;ailleurs, nous n&rsquo;avons pas de photo digne d&rsquo;un stage perfectionnement&#8230; Il va falloir s\u2019entra\u00eener cet \u00e9t\u00e9 pour suivre ces jeunes aventuriers. <\/p>\n<figure id=\"attachment_1793\" aria-describedby=\"caption-attachment-1793\" style=\"width: 600px\" class=\"wp-caption aligncenter\"><img loading=\"lazy\" decoding=\"async\" class=\" aligncenter size-full wp-image-1793\" src=\"http:\/\/wordpress.localhost\/wp-content\/uploads\/2015\/05\/jpg_parcours_fil_speleo.jpg\" alt=\"parcours sp\u00e9l\u00e9o fil\" title=\"parcours sp\u00e9l\u00e9o fil\" class=\"caption\" align=\"center\" width=\"600\" height=\"453\" \/><figcaption id=\"caption-attachment-1793\" class=\"wp-caption-text\">parcours sp\u00e9l\u00e9o fil<\/figcaption><\/figure>\n<p>Le soir, les films visionn\u00e9s ont pu en faire r\u00eaver certains (sauf celui intitul\u00e9 \u00ab\u00a0le puits merdique\u00a0\u00bb ou puits du lotissement, exploration des ann\u00e9es 1990).<br \/>\nLe lendemain matin, c&rsquo;est d\u00e9cid\u00e9 en famille nous irons en sp\u00e9l\u00e9o d\u00e9couvrir une grotte de plus de 7000 m\u00e8tres de d\u00e9veloppement \u00e0 Saint C\u00e9zaire !<\/p>\n<figure id=\"attachment_1794\" aria-describedby=\"caption-attachment-1794\" style=\"width: 600px\" class=\"wp-caption aligncenter\"><img loading=\"lazy\" decoding=\"async\" class=\" aligncenter size-full wp-image-1794\" src=\"http:\/\/wordpress.localhost\/wp-content\/uploads\/2015\/05\/jpg_l_entree_de_la_foux.jpg\" alt=\"Entr\u00e9e de la Foux\" title=\"Entr\u00e9e de la Foux\" class=\"caption\" align=\"center\" width=\"600\" height=\"450\" \/><figcaption id=\"caption-attachment-1794\" class=\"wp-caption-text\">Entr\u00e9e de la Foux<\/figcaption><\/figure>\n<p>Les \u00e9quipes se pr\u00e9parent et \u00e9laborent la progression : d&rsquo;abord, la r\u00e9surgence de la Foux, ensuite la grotte de P\u00e2ques ; et inversement pour la derni\u00e8re famille, la plus nombreuse (5 personnes contre 4 ou 3 personnes pour les deux autres). <\/p>\n<figure id=\"attachment_1795\" aria-describedby=\"caption-attachment-1795\" style=\"width: 375px\" class=\"wp-caption aligncenter\"><img loading=\"lazy\" decoding=\"async\" class=\" aligncenter size-full wp-image-1795\" src=\"http:\/\/wordpress.localhost\/wp-content\/uploads\/2015\/05\/jpg_la_foux_de_la_grotte_de_paques-8aa74.jpg\" alt=\"La Foux, source de la grotte de P\u00e2ques\" title=\"La Foux, source de la grotte de P\u00e2ques\" class=\"caption\" align=\"center\" width=\"375\" height=\"500\" \/><figcaption id=\"caption-attachment-1795\" class=\"wp-caption-text\">La Foux, source de la grotte de P\u00e2ques<\/figcaption><\/figure>\n<p>Fort heureusement la Foux n&rsquo;est pas en crue et nous en profitons pour aller d\u00e9couvrir son premier siphon, un grand lac. Arriv\u00e9s \u00e0 l&rsquo;entr\u00e9e de la grotte de P\u00e2ques, deux sp\u00e9l\u00e9o sortent apr\u00e8s avoir d\u00e9couvert les premiers m\u00e8tres de la grotte. L\u00e9ana, deux ans et demi, ne nous donnera pas d&rsquo;indices sur le r\u00e9seau, mais elle est ressortie avec le sourire.<\/p>\n<figure id=\"attachment_1796\" aria-describedby=\"caption-attachment-1796\" style=\"width: 600px\" class=\"wp-caption aligncenter\"><img loading=\"lazy\" decoding=\"async\" class=\" aligncenter size-full wp-image-1796\" src=\"http:\/\/wordpress.localhost\/wp-content\/uploads\/2015\/05\/jpg_l_entree_de_la_grotte_de_paques.jpg\" alt=\"Entr\u00e9e de la grotte de P\u00e2ques\" title=\"Entr\u00e9e de la grotte de P\u00e2ques\" class=\"caption\" align=\"center\" width=\"600\" height=\"450\" \/><figcaption id=\"caption-attachment-1796\" class=\"wp-caption-text\">Entr\u00e9e de la grotte de P\u00e2ques<\/figcaption><\/figure>\n<p>A notre tour de nous d\u00e9placer dans les conduits \u00e9troits, boueux et parfois humides ! Nous croisons trois autres jeunes sp\u00e9l\u00e9o aventuriers qui rejoignent le sortie, eux aussi couverts de boue. Vers la fin des passages \u00e9troits, Philippe et Lucie d\u00e9cident de retrouver le soleil. Nous poursuivons \u00e0 cinq et trouvons enfin une salle de grande dimension et concr\u00e9tionn\u00e9e, appel\u00e9e \u00ab\u00a0salle de Minuit\u00a0\u00bb.<\/p>\n<figure id=\"attachment_1797\" aria-describedby=\"caption-attachment-1797\" style=\"width: 375px\" class=\"wp-caption aligncenter\"><img loading=\"lazy\" decoding=\"async\" class=\" aligncenter size-full wp-image-1797\" src=\"http:\/\/wordpress.localhost\/wp-content\/uploads\/2015\/05\/jpg_salle_de_minuits_grotte_de_paques-8ffde.jpg\" alt=\"Salle de minuit, grotte de P\u00e2ques\" title=\"Salle de minuit, grotte de P\u00e2ques\" class=\"caption\" align=\"center\" width=\"375\" height=\"500\" \/><figcaption id=\"caption-attachment-1797\" class=\"wp-caption-text\">Salle de minuit, grotte de P\u00e2ques<\/figcaption><\/figure>\n<p>De l\u00e0, nous parcourons une partie de la \u00ab\u00a0galerie de l&rsquo;oiseau\u00a0\u00bb, compos\u00e9e de beaux volumes ; Au retour, nous remontons le d\u00e9but de la \u00ab\u00a0galerie de la cascade\u00a0\u00bb, r\u00e9seau fossile, avec une enfilade de gourdes limpides. C&rsquo;est magnifique et quel contraste avec l&rsquo;acc\u00e8s boueux et \u00e9troit ! <\/p>\n<p><figure id=\"attachment_1798\" aria-describedby=\"caption-attachment-1798\" style=\"width: 375px\" class=\"wp-caption aligncenter\"><img loading=\"lazy\" decoding=\"async\" class=\" aligncenter size-full wp-image-1798\" src=\"http:\/\/wordpress.localhost\/wp-content\/uploads\/2015\/05\/jpg_galerie_de_la_cascade_grotte_de_paques_1-c1c75.jpg\" alt=\"Galerie de la Cascade\" title=\"Galerie de la Cascade\" class=\"caption\" align=\"center\" width=\"375\" height=\"500\" \/><figcaption id=\"caption-attachment-1798\" class=\"wp-caption-text\">Galerie de la Cascade<\/figcaption><\/figure><br \/>\n<figure id=\"attachment_1799\" aria-describedby=\"caption-attachment-1799\" style=\"width: 375px\" class=\"wp-caption aligncenter\"><img loading=\"lazy\" decoding=\"async\" class=\" aligncenter size-full wp-image-1799\" src=\"http:\/\/wordpress.localhost\/wp-content\/uploads\/2015\/05\/jpg_galerie_de_la_cascade_grotte_de_paques_2-e87c0.jpg\" alt=\"Galerie de la Cascade\" title=\"Galerie de la Cascade\" class=\"caption\" align=\"center\" width=\"375\" height=\"500\" \/><figcaption id=\"caption-attachment-1799\" class=\"wp-caption-text\">Galerie de la Cascade<\/figcaption><\/figure><\/p>\n<p>A quatorze heures, nous sommes dehors, boueux et heureux&#8230; mais aussi affam\u00e9s.<br \/>\nLa fin de journ\u00e9e permettra de r\u00e9aliser quelques emplettes aux diff\u00e9rents stands sp\u00e9l\u00e9o du Congr\u00e8s, de discuter et refaire un tour dans le parcours palettes, toujours en vue de perfectionner les techniques de progression !<br \/>\nDimanche soir, une belle tabl\u00e9e des sp\u00e9l\u00e9o 05 s&rsquo;organise pendant l&rsquo;annonce des r\u00e9sultats de la Tombola (z\u00e9ro gagnant du 05, pourtant, c&rsquo;est juste avant le 06 !). Nos plus jeunes aventuriers sp\u00e9l\u00e9o avaient une forme olympique ce week-end l\u00e0 ; ils ont encha\u00een\u00e9 leur sortie sp\u00e9l\u00e9o, avec une sortie Dj jusqu&rsquo;au bout de la nuit !<\/p>\n<figure id=\"attachment_1800\" aria-describedby=\"caption-attachment-1800\" style=\"width: 600px\" class=\"wp-caption aligncenter\"><img loading=\"lazy\" decoding=\"async\" class=\" aligncenter size-full wp-image-1800\" src=\"http:\/\/wordpress.localhost\/wp-content\/uploads\/2015\/05\/jpg_camping_st_vallier.jpg\" alt=\"les rhinolophes du camping\" title=\"les rhinolophes du camping\" class=\"caption\" align=\"center\" width=\"600\" height=\"450\" \/><figcaption id=\"caption-attachment-1800\" class=\"wp-caption-text\">les rhinolophes du camping<\/figcaption><\/figure>\n<p>Lundi matin, il fallait bien rebondir sur cet enthousiasme pour d\u00e9terminer une nouvelle cavit\u00e9 \u00e0 visiter. Pendant que certains jouent aux rhinolophes, d&rsquo;autres r\u00e9fl\u00e9chissent aux sorties sp\u00e9l\u00e9o de la journ\u00e9e. C\u00e9line et Johana ont choisi, ce sera \u00ab\u00a0Baume obscure\u00a0\u00bb \u00e0 Saint Vallier, charmante grotte avec ses \u00eatres surnaturels, son guide enchanteur&#8230; Oui, la grotte touristique de Saint Vallier est \u00e0 visiter !<\/p>\n<figure id=\"attachment_1801\" aria-describedby=\"caption-attachment-1801\" style=\"width: 600px\" class=\"wp-caption aligncenter\"><img loading=\"lazy\" decoding=\"async\" class=\" aligncenter size-full wp-image-1801\" src=\"http:\/\/wordpress.localhost\/wp-content\/uploads\/2015\/05\/jpg_grotte_de_baume_obscur.jpg\" alt=\"Baume Obscure\" title=\"Baume Obscure\" class=\"caption\" align=\"center\" width=\"600\" height=\"450\" \/><figcaption id=\"caption-attachment-1801\" class=\"wp-caption-text\">Baume Obscure<\/figcaption><\/figure>\n<p>Pour d&rsquo;autres d\u00e9couvertes, il faudra lire le compte-rendu de Fran\u00e7ois et Christophe qui ont fait un peu de sp\u00e9l\u00e9o pendant les 3 jours du congr\u00e8s. <\/p>\n<p>Photos C\u00e9line<\/p>\n","protected":false},"excerpt":{"rendered":"<p>Week-end de trois jours id\u00e9al pour se d\u00e9placer en famille dans les Alpes Maritimes pour faire un peu de sp\u00e9l\u00e9o les 23-24-25 mai 2015 !<\/p>\n","protected":false},"author":2,"featured_media":1791,"comment_status":"closed","ping_status":"open","sticky":false,"template":"","format":"standard","meta":{"footnotes":""},"categories":[3],"tags":[],"class_list":["post-1802","post","type-post","status-publish","format-standard","has-post-thumbnail","hentry","category-sorties-realisees"],"_links":{"self":[{"href":"https:\/\/speleoclub-gap.fr\/index.php?rest_route=\/wp\/v2\/posts\/1802","targetHints":{"allow":["GET"]}}],"collection":[{"href":"https:\/\/speleoclub-gap.fr\/index.php?rest_route=\/wp\/v2\/posts"}],"about":[{"href":"https:\/\/speleoclub-gap.fr\/index.php?rest_route=\/wp\/v2\/types\/post"}],"author":[{"embeddable":true,"href":"https:\/\/speleoclub-gap.fr\/index.php?rest_route=\/wp\/v2\/users\/2"}],"replies":[{"embeddable":true,"href":"https:\/\/speleoclub-gap.fr\/index.php?rest_route=%2Fwp%2Fv2%2Fcomments&post=1802"}],"version-history":[{"count":0,"href":"https:\/\/speleoclub-gap.fr\/index.php?rest_route=\/wp\/v2\/posts\/1802\/revisions"}],"wp:featuredmedia":[{"embeddable":true,"href":"https:\/\/speleoclub-gap.fr\/index.php?rest_route=\/"}],"wp:attachment":[{"href":"https:\/\/speleoclub-gap.fr\/index.php?rest_route=%2Fwp%2Fv2%2Fmedia&parent=1802"}],"wp:term":[{"taxonomy":"category","embeddable":true,"href":"https:\/\/speleoclub-gap.fr\/index.php?rest_route=%2Fwp%2Fv2%2Fcategories&post=1802"},{"taxonomy":"post_tag","embeddable":true,"href":"https:\/\/speleoclub-gap.fr\/index.php?rest_route=%2Fwp%2Fv2%2Ftags&post=1802"}],"curies":[{"name":"wp","href":"https:\/\/api.w.org\/{rel}","templated":true}]}}