{"id":1647,"date":"2014-12-17T20:21:35","date_gmt":"2014-12-17T19:21:35","guid":{"rendered":"http:\/\/wordpress.localhost\/2014\/12\/17\/le-speleo-secours-a-la-grotte-des-chamois\/"},"modified":"2014-12-17T20:21:35","modified_gmt":"2014-12-17T19:21:35","slug":"le-speleo-secours-a-la-grotte-des-chamois","status":"publish","type":"post","link":"https:\/\/speleoclub-gap.fr\/?p=1647","title":{"rendered":"Le Sp\u00e9l\u00e9o secours \u00e0 la grotte des Chamois"},"content":{"rendered":"<p class=\"post_excerpt\">Sp\u00e9l\u00e9o club de Gap (05) : Eric Ducros, Johana Feuillassier, Rapha\u00ebl Colombo, Christophe Boulangeat, Philippe Bertochio<\/p>\n<p>Sans ab\u00eemes (04) : Louis Gu\u00e9rin, St\u00e9phan Laporte, Gislain Gantier<\/p>\n<p>Individuel (04) : Antoine Prioul<\/p>\n<p><!--more--><\/p>\n<h2>Vendredi 5 et samedi 6 d\u00e9cembre 2014<\/h2>\n<p>Apr\u00e8s le boulot, nous prenons la route. Les sp\u00e9l\u00e9os des Hautes-Alpes se retrouvent au parking du col du F\u00e2 vers 21 heures. Les sacs sur le dos, nous descendons \u00e0 la frontale pour arriver au refuge \u00e0 Aurent \u00e0 22 heures. Antoine est d\u00e9j\u00e0 l\u00e0 depuis quelques heures. Stephan, Louis et Gislain arriveront une heure plus tard.<\/p>\n<p>Samedi matin 9h, nous partons pour la source. Petit arr\u00eat afin de d\u00e9monter le fluorim\u00e8tre pour lui \u00e9viter de subir les affres de l&rsquo;hiver. La source coule fort. Elle affiche 47 au limnim\u00e8tre (1,6 m3\/s). Nous faisons ensuite un petit p\u00e8lerinage \u00e0 la grotte des Chamois, l&rsquo;entr\u00e9e historique, aujourd&rsquo;hui rendue au silence.<\/p>\n<figure id=\"attachment_1643\" aria-describedby=\"caption-attachment-1643\" style=\"width: 750px\" class=\"wp-caption aligncenter\"><img loading=\"lazy\" decoding=\"async\" class=\" aligncenter size-full wp-image-1643\" src=\"http:\/\/wordpress.localhost\/wp-content\/uploads\/2014\/12\/jpg_DSCN2257m.jpg\" alt=\"Passages dans les vires\" title=\"Passages dans les vires\" class=\"caption\" align=\"center\" width=\"750\" height=\"600\" \/><figcaption id=\"caption-attachment-1643\" class=\"wp-caption-text\">Passages dans les vires<\/figcaption><\/figure>\n<p>Nous repartons vers le canyon des Pasqueirets pour arriver vers 11 h 30 \u00e0 l&rsquo;entr\u00e9e des Fantasmes. Petit pique-nique et \u00e9quipement. Pas de pluie mais un temps encore gris. Le torrent des Pasqueirets coule bien. C&rsquo;est pratique pour se faire un caf\u00e9&#8230;<\/p>\n<p>Dans le boyau, nous trouvons deux flaques. La premi\u00e8re, \u00e0 quelques m\u00e8tres de l&rsquo;entr\u00e9e est facile \u00e0 \u00e9viter. La seconde, juste avant le ressaut est plus d\u00e9sagr\u00e9able. Couch\u00e9 dedans, ceux qui ont opt\u00e9 pour le sans n\u00e9opr\u00e8ne le regrette d\u00e9j\u00e0. En dessous, c&rsquo;est plut\u00f4t une gargouille de boue mais facile \u00e0 \u00e9viter. Ce boyau reste une \u00e9preuve pour des coudes et les genoux.<\/p>\n<figure id=\"attachment_1644\" aria-describedby=\"caption-attachment-1644\" style=\"width: 750px\" class=\"wp-caption aligncenter\"><img loading=\"lazy\" decoding=\"async\" class=\" aligncenter size-full wp-image-1644\" src=\"http:\/\/wordpress.localhost\/wp-content\/uploads\/2014\/12\/jpg_IMG_4582m.jpg\" alt=\"Eau et lumi\u00e8re par Christophe Boulangeat\" title=\"Eau et lumi\u00e8re par Christophe Boulangeat\" class=\"caption\" align=\"center\" width=\"750\" height=\"601\" \/><figcaption id=\"caption-attachment-1644\" class=\"wp-caption-text\">Eau et lumi\u00e8re par Christophe Boulangeat<\/figcaption><\/figure>\n<p>Je montre les griffades de loirs dans le boyau qui va vers la vo\u00fbte mouillante. Une trace bien visible avec des coussinets et des griffe m&rsquo;appara\u00eet pour la premi\u00e8re fois. Est-ce r\u00e9cent ou ai-je manqu\u00e9 d&rsquo;attention ? La trace est bien plus large que celles des loirs. Fouine, martre ? Il faudra revenir avec une r\u00e8gle pour en mesurer les dimensions.<\/p>\n<figure id=\"attachment_1645\" aria-describedby=\"caption-attachment-1645\" style=\"width: 750px\" class=\"wp-caption aligncenter\"><img loading=\"lazy\" decoding=\"async\" class=\" aligncenter size-full wp-image-1645\" src=\"http:\/\/wordpress.localhost\/wp-content\/uploads\/2014\/12\/jpg_IMG_4498m.jpg\" alt=\"La rivi\u00e8re par Christophe Boulangeat\" title=\"La rivi\u00e8re par Christophe Boulangeat\" class=\"caption\" align=\"center\" width=\"750\" height=\"599\" \/><figcaption id=\"caption-attachment-1645\" class=\"wp-caption-text\">La rivi\u00e8re par Christophe Boulangeat<\/figcaption><\/figure>\n<p>Nous descendons \u00e0 la rivi\u00e8re. L&rsquo;eau est calme. Le limnim\u00e8tre affiche 33. Nous sommes cinq \u00e0 descendre la rivi\u00e8re. Les quatre autres, peu enclins \u00e0 la baignade font des photos dans le secteur. Le courant pousse bien. Je fais r\u00e9guli\u00e8rement des essais de retour avant d&rsquo;engager mes acolytes vers l&rsquo;aval. Le retour sera sportif mais tout \u00e0 fait r\u00e9alisable. En jouant avec les contre courants, il est m\u00eame possible de limiter les efforts.<\/p>\n<p>Nous reformons l&rsquo;\u00e9quipe de neuf pour aller vers la vo\u00fbte mouillante et les galeries fossiles. Il y a de l&rsquo;eau, 15 cm au-dessus des cailloux. Mais le plafond est assez haut pour nous permettre de passer sans trop se mouiller (mains et genoux). Un petit tour dans la galerie des hormones jusqu&rsquo;au menhir avant de faire demi-tour. Nous sortons vers 17h, juste pour voir tomber la nuit. Arriv\u00e9s \u00e0 Aurent \u00e0 19 heures. Nous sommes cinq \u00e0 rentrer directement. Quatre passent une nuit suppl\u00e9mentaire afin de profiter du paysage et du village avec de la lumi\u00e8re !<\/p>\n<figure id=\"attachment_1646\" aria-describedby=\"caption-attachment-1646\" style=\"width: 750px\" class=\"wp-caption aligncenter\"><img loading=\"lazy\" decoding=\"async\" class=\" aligncenter size-full wp-image-1646\" src=\"http:\/\/wordpress.localhost\/wp-content\/uploads\/2014\/12\/jpg_IMG_4547m.jpg\" alt=\"L'\u00e9quipe par Christophe Boulangeat\" title=\"L'\u00e9quipe par Christophe Boulangeat\" class=\"caption\" align=\"center\" width=\"750\" height=\"520\" \/><figcaption id=\"caption-attachment-1646\" class=\"wp-caption-text\">L&rsquo;\u00e9quipe par Christophe Boulangeat<\/figcaption><\/figure>\n<p>L&rsquo;objectif de faire d\u00e9couvrir la cavit\u00e9 la plus grande des Alpes de haute Provence aux membres des SSF04 et 05 est une belle r\u00e9ussite et une garantie d&rsquo;efficacit\u00e9 en cas d&rsquo;intervention.<\/p>\n","protected":false},"excerpt":{"rendered":"<p>Sp\u00e9l\u00e9o club de Gap (05) : Eric Ducros, Johana Feuillassier, Rapha\u00ebl Colombo, Christophe Boulangeat, Philippe Bertochio Sans ab\u00eemes (04) : Louis Gu\u00e9rin, St\u00e9phan Laporte, Gislain Gantier Individuel (04) : Antoine [&hellip;]<\/p>\n","protected":false},"author":2,"featured_media":1642,"comment_status":"closed","ping_status":"open","sticky":false,"template":"","format":"standard","meta":{"footnotes":""},"categories":[3],"tags":[],"class_list":["post-1647","post","type-post","status-publish","format-standard","has-post-thumbnail","hentry","category-sorties-realisees"],"_links":{"self":[{"href":"https:\/\/speleoclub-gap.fr\/index.php?rest_route=\/wp\/v2\/posts\/1647","targetHints":{"allow":["GET"]}}],"collection":[{"href":"https:\/\/speleoclub-gap.fr\/index.php?rest_route=\/wp\/v2\/posts"}],"about":[{"href":"https:\/\/speleoclub-gap.fr\/index.php?rest_route=\/wp\/v2\/types\/post"}],"author":[{"embeddable":true,"href":"https:\/\/speleoclub-gap.fr\/index.php?rest_route=\/wp\/v2\/users\/2"}],"replies":[{"embeddable":true,"href":"https:\/\/speleoclub-gap.fr\/index.php?rest_route=%2Fwp%2Fv2%2Fcomments&post=1647"}],"version-history":[{"count":0,"href":"https:\/\/speleoclub-gap.fr\/index.php?rest_route=\/wp\/v2\/posts\/1647\/revisions"}],"wp:featuredmedia":[{"embeddable":true,"href":"https:\/\/speleoclub-gap.fr\/index.php?rest_route=\/"}],"wp:attachment":[{"href":"https:\/\/speleoclub-gap.fr\/index.php?rest_route=%2Fwp%2Fv2%2Fmedia&parent=1647"}],"wp:term":[{"taxonomy":"category","embeddable":true,"href":"https:\/\/speleoclub-gap.fr\/index.php?rest_route=%2Fwp%2Fv2%2Fcategories&post=1647"},{"taxonomy":"post_tag","embeddable":true,"href":"https:\/\/speleoclub-gap.fr\/index.php?rest_route=%2Fwp%2Fv2%2Ftags&post=1647"}],"curies":[{"name":"wp","href":"https:\/\/api.w.org\/{rel}","templated":true}]}}