{"id":1430,"date":"2014-08-19T22:44:34","date_gmt":"2014-08-19T20:44:34","guid":{"rendered":"http:\/\/wordpress.localhost\/2014\/08\/19\/deux-jours-sur-superdevoluy\/"},"modified":"2014-08-19T22:44:34","modified_gmt":"2014-08-19T20:44:34","slug":"deux-jours-sur-superdevoluy","status":"publish","type":"post","link":"https:\/\/speleoclub-gap.fr\/?p=1430","title":{"rendered":"Deux jours sur SuperD\u00e9voluy"},"content":{"rendered":"<p class=\"post_excerpt\">Participants : Johana, Eric, Fran\u00e7ois, Philippe, Gilles, Catherine, Christophe, L\u00e9a et R\u00e9gis<\/p>\n<p>Merci \u00e0 Fran\u00e7ois pour ses photos.<\/p>\n<p><!--more--><\/p>\n<h2>Samedi 5 juin 2014<\/h2>\n<p>Rendez-vous \u00e9tait donn\u00e9 \u00e0 9h00 dans le D\u00e9voluy pour un week-end consacr\u00e9 \u00e0 l&rsquo;\u00e9valuation des sites \u00e0 potentiel pal\u00e9ontologique. Pour se faire, nous avions l&rsquo;aide de L\u00e9a Roux, arch\u00e9ozoologue \u00e0 Brian\u00e7on, pour les aspects techniques et scientifiques mais aussi celle de la DRAC. En effet, l&rsquo;arch\u00e9ologue r\u00e9f\u00e9rent, Nicolas Rouzeau, a accept\u00e9 la demande officielle de prospection de surface faite par L\u00e9a. <\/p>\n<p><img loading=\"lazy\" decoding=\"async\" class=\" aligncenter size-full wp-image-1423\" src=\"http:\/\/wordpress.localhost\/wp-content\/uploads\/2014\/08\/jpg_IMG_2566.jpg\" alt=\"IMG_2566.jpg\" align=\"center\" width=\"780\" height=\"438\" \/><\/p>\n<p>Notre premier objectif a \u00e9t\u00e9 d&rsquo;atteindre le restaurant d&rsquo;altitude afin d&rsquo;y d\u00e9poser le mat\u00e9riel de bivouac. Ainsi, plus l\u00e9ger, nous avons pu nous rendre dans la combe des Plattes pour un inventaire des cavit\u00e9s \u00e0 potentiel pal\u00e9ontologique. Un tour \u00e0 la grotte des Chutards, puis \u00e0 la baume du blaireau o\u00f9 L\u00e9a nous a fait un petit refus devant obstacle. Il faut dire que c&rsquo;est un peu bas de plafond&#8230;<\/p>\n<p><img loading=\"lazy\" decoding=\"async\" class=\" aligncenter size-full wp-image-1424\" src=\"http:\/\/wordpress.localhost\/wp-content\/uploads\/2014\/08\/jpg_Y_a_un_os_.jpg\" alt=\"Y_a_un_os_.jpg\" align=\"center\" width=\"780\" height=\"438\" \/><\/p>\n<p>Ensuite le chourum du Serre-Lacroix, une cavit\u00e9 passionnante car le parfait pi\u00e8ge : une entr\u00e9e en entonnoir et un petit puits glissant. Le fond y est jonch\u00e9 d&rsquo;ossements de mouton. Mais le plus int\u00e9ressant se trouve sur les parois, couverte de gravure de diverses factures.<\/p>\n<p><img loading=\"lazy\" decoding=\"async\" class=\" aligncenter size-full wp-image-1425\" src=\"http:\/\/wordpress.localhost\/wp-content\/uploads\/2014\/08\/jpg_IMG_2560.jpg\" alt=\"IMG_2560.jpg\" align=\"center\" width=\"780\" height=\"438\" \/><\/p>\n<p>De nombreuses notes, photos, des relev\u00e9s topographiques, croquis et points GPS ont \u00e9t\u00e9 pris. Beaucoup de mati\u00e8re \u00e0 traiter pour les longues soir\u00e9es d&rsquo;hiver.<\/p>\n<p><img loading=\"lazy\" decoding=\"async\" class=\" aligncenter size-full wp-image-1426\" src=\"http:\/\/wordpress.localhost\/wp-content\/uploads\/2014\/08\/jpg_IMG_2544.jpg\" alt=\"IMG_2544.jpg\" align=\"center\" width=\"780\" height=\"438\" \/><\/p>\n<p>Apr\u00e8s une journ\u00e9e \u00e0 courir dans les p\u00e2turages, nous \u00e9tions bien heureux de rejoindre notre lieu de bivouac. Nous avons partag\u00e9 un repas bien sympathique avant de nous r\u00e9fugier dans nos sacs de couchage pour nous prot\u00e9ger de l&rsquo;humidit\u00e9 et la fra\u00eecheur des nuits d\u00e9voluardes.<\/p>\n<p><img loading=\"lazy\" decoding=\"async\" class=\" aligncenter size-full wp-image-1427\" src=\"http:\/\/wordpress.localhost\/wp-content\/uploads\/2014\/08\/jpg_DSCN1710m.jpg\" alt=\"DSCN1710m.jpg\" align=\"center\" width=\"750\" height=\"425\" \/><\/p>\n<h2>Dimanche 6 juin<\/h2>\n<p>Le lendemain, l&rsquo;objectif est bien diff\u00e9rent et unique. Il s&rsquo;agit de trouver l&rsquo;entr\u00e9e d&rsquo;une nouvelle grotte que nous a signal\u00e9 Ren\u00e9 Sarrazin. Lors de l&rsquo;\u00e9largissement de la piste 4&#215;4 pour monter au sommet de la station, une entr\u00e9e cach\u00e9e par les \u00e9boulis est sortie de l&rsquo;oubli.<\/p>\n<p><img loading=\"lazy\" decoding=\"async\" class=\" aligncenter size-full wp-image-1428\" src=\"http:\/\/wordpress.localhost\/wp-content\/uploads\/2014\/08\/jpg_DSCN1717m.jpg\" alt=\"DSCN1717m.jpg\" align=\"center\" width=\"750\" height=\"379\" \/><\/p>\n<p>Nous montons au terminus du t\u00e9l\u00e9si\u00e8ge de la Sommarel. Le spectacle est effarant. Le vallon a compl\u00e8tement \u00e9t\u00e9 remodel\u00e9 pour l&rsquo;assise des pyl\u00f4nes et les gares de d\u00e9part et d&rsquo;arriv\u00e9e. Des centaines et m\u00eame plus de m\u00e8tres cubes de roche ont \u00e9t\u00e9 rabot\u00e9s, d\u00e9plac\u00e9s, entass\u00e9. La pelouse alpine, les cavit\u00e9s, les n\u00e9v\u00e9s, les \u00e9boulis de pente n&rsquo;ont pas eu leur mot \u00e0 dire contre l&rsquo;or blanc&#8230;<\/p>\n<p><img loading=\"lazy\" decoding=\"async\" class=\" aligncenter size-full wp-image-1429\" src=\"http:\/\/wordpress.localhost\/wp-content\/uploads\/2014\/08\/jpg_IMG_2582.jpg\" alt=\"IMG_2582.jpg\" align=\"center\" width=\"780\" height=\"438\" \/><\/p>\n<p>Derri\u00e8re la Sommarel, le vent est glacial. La m\u00e9t\u00e9o est proche de celle d&rsquo;un mois de novembre. Le froid nous mord les jambes trop vite mises \u00e0 l&rsquo;air. Heureusement, nous d\u00e9couvrons vite l&rsquo;entr\u00e9e de la grotte cach\u00e9e derri\u00e8re un n\u00e9v\u00e9 encore en place. L&rsquo;entr\u00e9e est d\u00e9fendu par un rideau de gouttes tr\u00e8s rafra\u00eechissant mais il en faut plus pour nous d\u00e9courager. Cette cavit\u00e9 n&rsquo;est pas tr\u00e8s \u00e9tendue pourtant, \u00e0 cette altitude, \u00e0 flanc de montagne, c&rsquo;est une surprise de voir un tel volume. Nous trouvons un squelette de grand herbivore cach\u00e9 sous une dalle de roche, une bonne id\u00e9e des inventeurs pour le prot\u00e9ger des passages. L\u00e9a le pr\u00e9l\u00e8ve avec pr\u00e9caution car elle y voit d\u00e9j\u00e0 un animal depuis longtemps disparu. Elle n&rsquo;en dira pas plus. Il faudra \u00e9tudier les os plus pr\u00e9cis\u00e9ment pour \u00eatre affirmatif.<\/p>\n<p>Un week-end riche en enseignements comme en \u00e9changes.<\/p>\n","protected":false},"excerpt":{"rendered":"<p>Participants : Johana, Eric, Fran\u00e7ois, Philippe, Gilles, Catherine, Christophe, L\u00e9a et R\u00e9gis Merci \u00e0 Fran\u00e7ois pour ses photos.<\/p>\n","protected":false},"author":2,"featured_media":1422,"comment_status":"closed","ping_status":"open","sticky":false,"template":"","format":"standard","meta":{"footnotes":""},"categories":[3],"tags":[],"class_list":["post-1430","post","type-post","status-publish","format-standard","has-post-thumbnail","hentry","category-sorties-realisees"],"_links":{"self":[{"href":"https:\/\/speleoclub-gap.fr\/index.php?rest_route=\/wp\/v2\/posts\/1430","targetHints":{"allow":["GET"]}}],"collection":[{"href":"https:\/\/speleoclub-gap.fr\/index.php?rest_route=\/wp\/v2\/posts"}],"about":[{"href":"https:\/\/speleoclub-gap.fr\/index.php?rest_route=\/wp\/v2\/types\/post"}],"author":[{"embeddable":true,"href":"https:\/\/speleoclub-gap.fr\/index.php?rest_route=\/wp\/v2\/users\/2"}],"replies":[{"embeddable":true,"href":"https:\/\/speleoclub-gap.fr\/index.php?rest_route=%2Fwp%2Fv2%2Fcomments&post=1430"}],"version-history":[{"count":0,"href":"https:\/\/speleoclub-gap.fr\/index.php?rest_route=\/wp\/v2\/posts\/1430\/revisions"}],"wp:featuredmedia":[{"embeddable":true,"href":"https:\/\/speleoclub-gap.fr\/index.php?rest_route=\/"}],"wp:attachment":[{"href":"https:\/\/speleoclub-gap.fr\/index.php?rest_route=%2Fwp%2Fv2%2Fmedia&parent=1430"}],"wp:term":[{"taxonomy":"category","embeddable":true,"href":"https:\/\/speleoclub-gap.fr\/index.php?rest_route=%2Fwp%2Fv2%2Fcategories&post=1430"},{"taxonomy":"post_tag","embeddable":true,"href":"https:\/\/speleoclub-gap.fr\/index.php?rest_route=%2Fwp%2Fv2%2Ftags&post=1430"}],"curies":[{"name":"wp","href":"https:\/\/api.w.org\/{rel}","templated":true}]}}