{"id":1337,"date":"2014-04-28T22:54:11","date_gmt":"2014-04-28T20:54:11","guid":{"rendered":"http:\/\/wordpress.localhost\/2014\/04\/28\/prospection-au-clot-de-bachas\/"},"modified":"2014-04-28T22:54:11","modified_gmt":"2014-04-28T20:54:11","slug":"prospection-au-clot-de-bachas","status":"publish","type":"post","link":"https:\/\/speleoclub-gap.fr\/?p=1337","title":{"rendered":"Prospection au clot de Bachas"},"content":{"rendered":"<p class=\"post_excerpt\">Participants : Fran\u00e7ois PARRINI et Philippe BERTOCHIO<\/p>\n<p><!--more--><\/p>\n<h2>dimanche 27 avril 2014<\/h2>\n<p>La veille, il faisait chaud !<\/p>\n<p>Malgr\u00e9 l&rsquo;heure tardive, le froid est bien pr\u00e9sent et le vent en rafale nous prend encore quelques calories. Une petite pause chez le boulanger pour le pain au chocolat et nous montons vers ce D\u00e9voluy gris de nuages. Les nuages ne sont pas seuls. La neige fra\u00eeche balaye les pentes et nos visages pouss\u00e9e par un vent qui n&rsquo;en finit pas.<\/p>\n<p><img loading=\"lazy\" decoding=\"async\" class=\" aligncenter size-full wp-image-1335\" src=\"http:\/\/wordpress.localhost\/wp-content\/uploads\/2014\/04\/jpg_DSCN1568m.jpg\" alt=\"DSCN1568m.jpg\" align=\"center\" width=\"750\" height=\"564\" \/><\/p>\n<p>Dans le vallon de Bachas, nous sommes un peu \u00e0 l&rsquo;abri mais les formes karstiques sont rares. Nous suivons de rares fractures visibles de la surface mais rien de tr\u00e8s excitant. Fran\u00e7ois monte v\u00e9rifier un petit porche pendant que je rejoins la zone rep\u00e9r\u00e9e cet hiver.<\/p>\n<p><img loading=\"lazy\" decoding=\"async\" class=\" aligncenter size-full wp-image-1336\" src=\"http:\/\/wordpress.localhost\/wp-content\/uploads\/2014\/04\/jpg_IMG_2350.jpg\" alt=\"IMG_2350.jpg\" align=\"center\" width=\"780\" height=\"438\" \/><\/p>\n<p>A part quelques trous de marmottes, toujours rien. Nous montons \u00e0 la limite de la neige pour atteindre un \u00e9peron o\u00f9 nous avons rep\u00e9r\u00e9 deux porches. L&rsquo;escalade directe est impossible sans agr\u00e8s. Je fais un grand tour afin de profiter de maigres vires, guid\u00e9 depuis le bas par Fran\u00e7ois, pour v\u00e9rifier ces petits points noirs dans la paroi. L\u00e0 encore, tr\u00e8s d\u00e9cevant. A court de potentiel, la neige bloquant nos recherches plus hautes, nous nous abritons contre falaise pour un rapide pique-nique avant de retourner \u00e0 la voiture.<\/p>\n","protected":false},"excerpt":{"rendered":"<p>Participants : Fran\u00e7ois PARRINI et Philippe BERTOCHIO<\/p>\n","protected":false},"author":2,"featured_media":1334,"comment_status":"closed","ping_status":"open","sticky":false,"template":"","format":"standard","meta":{"footnotes":""},"categories":[3],"tags":[],"class_list":["post-1337","post","type-post","status-publish","format-standard","has-post-thumbnail","hentry","category-sorties-realisees"],"_links":{"self":[{"href":"https:\/\/speleoclub-gap.fr\/index.php?rest_route=\/wp\/v2\/posts\/1337","targetHints":{"allow":["GET"]}}],"collection":[{"href":"https:\/\/speleoclub-gap.fr\/index.php?rest_route=\/wp\/v2\/posts"}],"about":[{"href":"https:\/\/speleoclub-gap.fr\/index.php?rest_route=\/wp\/v2\/types\/post"}],"author":[{"embeddable":true,"href":"https:\/\/speleoclub-gap.fr\/index.php?rest_route=\/wp\/v2\/users\/2"}],"replies":[{"embeddable":true,"href":"https:\/\/speleoclub-gap.fr\/index.php?rest_route=%2Fwp%2Fv2%2Fcomments&post=1337"}],"version-history":[{"count":0,"href":"https:\/\/speleoclub-gap.fr\/index.php?rest_route=\/wp\/v2\/posts\/1337\/revisions"}],"wp:featuredmedia":[{"embeddable":true,"href":"https:\/\/speleoclub-gap.fr\/index.php?rest_route=\/"}],"wp:attachment":[{"href":"https:\/\/speleoclub-gap.fr\/index.php?rest_route=%2Fwp%2Fv2%2Fmedia&parent=1337"}],"wp:term":[{"taxonomy":"category","embeddable":true,"href":"https:\/\/speleoclub-gap.fr\/index.php?rest_route=%2Fwp%2Fv2%2Fcategories&post=1337"},{"taxonomy":"post_tag","embeddable":true,"href":"https:\/\/speleoclub-gap.fr\/index.php?rest_route=%2Fwp%2Fv2%2Ftags&post=1337"}],"curies":[{"name":"wp","href":"https:\/\/api.w.org\/{rel}","templated":true}]}}