{"id":1331,"date":"2014-04-25T22:03:02","date_gmt":"2014-04-25T20:03:02","guid":{"rendered":"http:\/\/wordpress.localhost\/2014\/04\/25\/film-et-eclairage-xxl\/"},"modified":"2014-04-25T22:03:02","modified_gmt":"2014-04-25T20:03:02","slug":"film-et-eclairage-xxl","status":"publish","type":"post","link":"https:\/\/speleoclub-gap.fr\/?p=1331","title":{"rendered":"Film et \u00e9clairage XXL"},"content":{"rendered":"<p class=\"post_excerpt\">Participants : Christophe PASCAL, Benoit, Philippe, Dom, Jean-Michel et Michel DY<\/p>\n<p><!--more--><br \/>\n<iframe loading=\"lazy\" width=\"640\" height=\"360\" src=\"\/\/www.youtube.com\/embed\/f1oX56bkVtI\" frameborder=\"0\" allowfullscreen><\/iframe><\/p>\n<h2>samedi 12 avril<\/h2>\n<p>On passe chercher Christophe \u00e0 la maison avant de partir vers la grotte de corveissiat. Les deux barjots ont d\u00e9cid\u00e9 d\u2019\u00e9clairer le plus grand porche de l&rsquo;Ain, faire un film et une couverture photo. Une chance pour nous, l\u2019acc\u00e8s a \u00e9t\u00e9 ouvert. Donc la voiture pourra aller assez loin et le portage un peu plus court.<\/p>\n<p><img loading=\"lazy\" decoding=\"async\" class=\" aligncenter size-full wp-image-1326\" src=\"http:\/\/wordpress.localhost\/wp-content\/uploads\/2014\/04\/jpg_IMG_1772_3_.jpg\" alt=\"IMG_1772_3_.jpg\" align=\"center\" width=\"453\" height=\"284\" \/><\/p>\n<p>A trois, nous faisons deux aller-retour. Une petite pose pour chercher l\u2019endroit id\u00e9al pour mettre le groupe \u00e9lectrog\u00e8ne. Et nous allons faire une reconnaissance pour trouver les meilleurs coins pour avoir la rivi\u00e8re et\/ou les cascades&#8230;<\/p>\n<p>Il fait encore jour quand Philippe nous rejoint. On installe les c\u00e2bles, met les correcteurs sur les \u00e9clairages et pose pour le repas, le blanc est \u00e0 la bonne temp\u00e9rature !<\/p>\n<p><img loading=\"lazy\" decoding=\"async\" class=\" aligncenter size-full wp-image-1327\" src=\"http:\/\/wordpress.localhost\/wp-content\/uploads\/2014\/04\/jpg_IMG_1767_7_.jpg\" alt=\"IMG_1767_7_.jpg\" align=\"center\" width=\"256\" height=\"283\" \/><\/p>\n<p>La nuit est l\u00e0. Le porche est fantastique avec son \u00e9clairage. On file en aval pour d\u00e9buter le film, avec Philippe comme esclave, ma pomme comme \u00e9clairagiste dom au soutien et Christophe le chef d&rsquo;\u00e9quipe.<\/p>\n<p>Une fois l\u2019ext\u00e9rieur termin\u00e9, on s\u2019attaque \u00e0 l\u2019int\u00e9rieur jusqu\u2019au lac. La suite dimanche.<\/p>\n<p><img loading=\"lazy\" decoding=\"async\" class=\" aligncenter size-full wp-image-1328\" src=\"http:\/\/wordpress.localhost\/wp-content\/uploads\/2014\/04\/jpg_IMG_1779_1_.jpg\" alt=\"IMG_1779_1_.jpg\" align=\"center\" width=\"323\" height=\"484\" \/><\/p>\n<h2>dimanche 13 avril<\/h2>\n<p>Jean Michel veut tester du matos plong\u00e9e, il va donc servir d\u2019esclave. Mise \u00e0 l\u2019eau du bateau pneumatique piqu\u00e9 aux enfants. Il va servir \u00e0 porter le mat\u00e9riel et le prot\u00e9ger de l\u2019eau.<\/p>\n<p><img loading=\"lazy\" decoding=\"async\" class=\" aligncenter size-full wp-image-1329\" src=\"http:\/\/wordpress.localhost\/wp-content\/uploads\/2014\/04\/jpg_IMG_1824_1_.jpg\" alt=\"IMG_1824_1_.jpg\" align=\"center\" width=\"323\" height=\"484\" \/><\/p>\n<p>Les s\u00e9quences s\u2019encha\u00eenent une vingtaine de prises pour 200 m\u00e8tres de rivi\u00e8re. Il va falloir du temps pour faire le montage.<\/p>\n<p>Une sortie pour prendre le pouls au cin\u00e9ma, caler le matos et les \u00e9quipiers.<br \/>\nLe seul hic est le manque de moyen en personnel pour une vue lointaine du porche \u00e9clair\u00e9 vu du village.<\/p>\n<p><img loading=\"lazy\" decoding=\"async\" class=\" aligncenter size-full wp-image-1330\" src=\"http:\/\/wordpress.localhost\/wp-content\/uploads\/2014\/04\/jpg_IMG_1854_4_.jpg\" alt=\"IMG_1854_4_.jpg\" align=\"center\" width=\"534\" height=\"403\" \/><\/p>\n<p>Dans l\u2019apr\u00e8s midi, recherche et descente d\u2019un P30 dans le jura qui devrait donner sur le r\u00e9seau par Christophe et la famille Vermeil.<\/p>\n","protected":false},"excerpt":{"rendered":"<p>Participants : Christophe PASCAL, Benoit, Philippe, Dom, Jean-Michel et Michel DY<\/p>\n","protected":false},"author":2,"featured_media":1325,"comment_status":"closed","ping_status":"open","sticky":false,"template":"","format":"standard","meta":{"footnotes":""},"categories":[3],"tags":[],"class_list":["post-1331","post","type-post","status-publish","format-standard","has-post-thumbnail","hentry","category-sorties-realisees"],"_links":{"self":[{"href":"https:\/\/speleoclub-gap.fr\/index.php?rest_route=\/wp\/v2\/posts\/1331","targetHints":{"allow":["GET"]}}],"collection":[{"href":"https:\/\/speleoclub-gap.fr\/index.php?rest_route=\/wp\/v2\/posts"}],"about":[{"href":"https:\/\/speleoclub-gap.fr\/index.php?rest_route=\/wp\/v2\/types\/post"}],"author":[{"embeddable":true,"href":"https:\/\/speleoclub-gap.fr\/index.php?rest_route=\/wp\/v2\/users\/2"}],"replies":[{"embeddable":true,"href":"https:\/\/speleoclub-gap.fr\/index.php?rest_route=%2Fwp%2Fv2%2Fcomments&post=1331"}],"version-history":[{"count":0,"href":"https:\/\/speleoclub-gap.fr\/index.php?rest_route=\/wp\/v2\/posts\/1331\/revisions"}],"wp:featuredmedia":[{"embeddable":true,"href":"https:\/\/speleoclub-gap.fr\/index.php?rest_route=\/"}],"wp:attachment":[{"href":"https:\/\/speleoclub-gap.fr\/index.php?rest_route=%2Fwp%2Fv2%2Fmedia&parent=1331"}],"wp:term":[{"taxonomy":"category","embeddable":true,"href":"https:\/\/speleoclub-gap.fr\/index.php?rest_route=%2Fwp%2Fv2%2Fcategories&post=1331"},{"taxonomy":"post_tag","embeddable":true,"href":"https:\/\/speleoclub-gap.fr\/index.php?rest_route=%2Fwp%2Fv2%2Ftags&post=1331"}],"curies":[{"name":"wp","href":"https:\/\/api.w.org\/{rel}","templated":true}]}}